{"id":3001,"date":"2012-06-04T11:42:29","date_gmt":"2012-06-04T11:42:29","guid":{"rendered":"http:\/\/www.rincondelbulla.cl\/portal\/?p=3001"},"modified":"2012-06-04T11:42:29","modified_gmt":"2012-06-04T11:42:29","slug":"ubilla-se-hace-hoy-examenes-en-la-u","status":"publish","type":"post","link":"http:\/\/www.rincondelbulla.cl\/portal\/2012\/06\/04\/ubilla-se-hace-hoy-examenes-en-la-u\/","title":{"rendered":"Ubilla se hace hoy ex\u00e1menes en la \u00abU\u00bb"},"content":{"rendered":"<figure id=\"attachment_4609\" aria-describedby=\"caption-attachment-4609\" style=\"width: 700px\" class=\"wp-caption alignnone\"><img loading=\"lazy\" decoding=\"async\" class=\" size-full wp-image-4609\" src=\"http:\/\/www.rincondelbulla.cl\/portal\/wp-content\/uploads\/2012\/06\/9243c4e6c1fa1938e50087fb954581e0.jpg\" alt=\"Foto: Agencia Uno\" class=\"caption\" title=\"De pasar el chequeo m\u00e9dico de hoy, el goleador porte\u00f1o se integrar\u00e1 ma\u00f1ana a la 'U'\" width=\"700\" height=\"396\" srcset=\"http:\/\/www.rincondelbulla.cl\/portal\/wp-content\/uploads\/2012\/06\/9243c4e6c1fa1938e50087fb954581e0.jpg 700w, http:\/\/www.rincondelbulla.cl\/portal\/wp-content\/uploads\/2012\/06\/9243c4e6c1fa1938e50087fb954581e0-300x170.jpg 300w, http:\/\/www.rincondelbulla.cl\/portal\/wp-content\/uploads\/2012\/06\/9243c4e6c1fa1938e50087fb954581e0-696x394.jpg 696w\" sizes=\"auto, (max-width: 700px) 100vw, 700px\" \/><figcaption id=\"caption-attachment-4609\" class=\"wp-caption-text\">De pasar el chequeo m\u00e9dico de hoy, el goleador porte\u00f1o se integrar\u00e1 ma\u00f1ana a la &#8216;U&#8217;<\/figcaption><\/figure>\n<p><strong>Llegar\u00e1 por cuatro a\u00f1os y se integrar\u00e1 ma\u00f1ana, d\u00eda en que se firmar\u00e1n los contratos del traspaso.<\/strong> <!--more--> Sebasti\u00e1n Ubilla cuenta las horas para sumarse a Universidad de Chile. El delantero tiene todo acordado con su nuevo cuadro y est\u00e1 a la espera de someterse a los ex\u00e1menes m\u00e9dicos, instancia que dar\u00e1 paso a que Azul Azul y Santiago Wanderers firmen el traspaso definitivo.<\/p>\n<p>Justamente, para hoy se acord\u00f3 en la \u201cU\u201d realizar el chequeo m\u00e9dico a Ubilla, instancia que, de aprobar, le permitir\u00e1 firmar por cuatro a\u00f1os con los azules.<\/p>\n<p>La transacci\u00f3n implica la compra de la \u201cU\u201d del 80% de su pase a cambio de US$ 1,25 mill\u00f3n. De la cuantiosa cifra, US$ 1,1 mill\u00f3n ir\u00e1 para Wanderers, mientras que la diferencia ser\u00e1 para el pago del 10% que le corresponde al jugador por el traspaso.<\/p>\n<p>\u201cMe pidieron que no hablara hasta despu\u00e9s de oficializar la operaci\u00f3n. Disc\u00falpame\u201d, fue la escueta, pero entusiasta respuesta que ayer entreg\u00f3 Ubilla, horas antes de realizarse hoy los ex\u00e1menes.<\/p>\n<p><strong>Morales no va al Puerto<\/strong><\/p>\n<p>Pensando en que pase los controles, la \u201cU\u201d espera que Ubilla se integre ma\u00f1ana al primer equipo, a fin de comenzar a trabajar bajo las \u00f3rdenes de Jorge Sampaoli. La idea es no perder tiempo y que interiorice lo mejor posible la idea de juego, pensando en el escaso margen que tienen de cara a la ida ante Boca, el jueves 14 de junio, torneo en el que ser\u00e1 inscrito.<\/p>\n<p>Asimismo, en Wanderers esperan que la transacci\u00f3n por Ubilla les permita sumar a un volante azul, lo que de no concretarse no pondr\u00eda en riesgo el negocio. Ante la negativa por Guillermo Marino, esperaban a Pedro Morales. \u201cLo esperamos con los brazos abiertos, pero su venida, en todo caso, depende del jugador\u201d, adelant\u00f3 en estas p\u00e1ginas Jorge Lafrentz, timonel porte\u00f1o.<\/p>\n<p>Sin embargo, en el entorno de Morales y en la \u201cU\u201d descartaron su pr\u00e9stamo, pues en el D\u00ednamo Zagreb, que lo cedi\u00f3 gratuitamente a pr\u00e9stamo, apuestan a que Morales tenga vitrina internacional, lo que le garantiza la \u201cU\u201d y no Wanderers.<\/p>\n<p><strong>Fuente:<\/strong> La Tercera<\/p>\n","protected":false},"excerpt":{"rendered":"<p>Llegar\u00e1 por cuatro a\u00f1os y se integrar\u00e1 ma\u00f1ana, d\u00eda en que se firmar\u00e1n los contratos del traspaso.<\/p>\n","protected":false},"author":1,"featured_media":4609,"comment_status":"open","ping_status":"open","sticky":false,"template":"","format":"standard","meta":{"footnotes":""},"categories":[18],"tags":[454,116,118],"class_list":{"0":"post-3001","1":"post","2":"type-post","3":"status-publish","4":"format-standard","5":"has-post-thumbnail","7":"category-actualidad","8":"tag-actualidad","9":"tag-refuerzos-2012","10":"tag-sebastian-ubilla"},"_links":{"self":[{"href":"http:\/\/www.rincondelbulla.cl\/portal\/wp-json\/wp\/v2\/posts\/3001","targetHints":{"allow":["GET"]}}],"collection":[{"href":"http:\/\/www.rincondelbulla.cl\/portal\/wp-json\/wp\/v2\/posts"}],"about":[{"href":"http:\/\/www.rincondelbulla.cl\/portal\/wp-json\/wp\/v2\/types\/post"}],"author":[{"embeddable":true,"href":"http:\/\/www.rincondelbulla.cl\/portal\/wp-json\/wp\/v2\/users\/1"}],"replies":[{"embeddable":true,"href":"http:\/\/www.rincondelbulla.cl\/portal\/wp-json\/wp\/v2\/comments?post=3001"}],"version-history":[{"count":0,"href":"http:\/\/www.rincondelbulla.cl\/portal\/wp-json\/wp\/v2\/posts\/3001\/revisions"}],"wp:featuredmedia":[{"embeddable":true,"href":"http:\/\/www.rincondelbulla.cl\/portal\/wp-json\/wp\/v2\/media\/4609"}],"wp:attachment":[{"href":"http:\/\/www.rincondelbulla.cl\/portal\/wp-json\/wp\/v2\/media?parent=3001"}],"wp:term":[{"taxonomy":"category","embeddable":true,"href":"http:\/\/www.rincondelbulla.cl\/portal\/wp-json\/wp\/v2\/categories?post=3001"},{"taxonomy":"post_tag","embeddable":true,"href":"http:\/\/www.rincondelbulla.cl\/portal\/wp-json\/wp\/v2\/tags?post=3001"}],"curies":[{"name":"wp","href":"https:\/\/api.w.org\/{rel}","templated":true}]}}