{"id":3004,"date":"2012-06-05T10:59:07","date_gmt":"2012-06-05T10:59:07","guid":{"rendered":"http:\/\/www.rincondelbulla.cl\/portal\/?p=3004"},"modified":"2012-06-05T10:59:07","modified_gmt":"2012-06-05T10:59:07","slug":"hoy-se-espera-la-llegada-de-ubilla-al-cda-y-van-la-permanencia-de-rodriguez-y-gonzalez","status":"publish","type":"post","link":"http:\/\/www.rincondelbulla.cl\/portal\/2012\/06\/05\/hoy-se-espera-la-llegada-de-ubilla-al-cda-y-van-la-permanencia-de-rodriguez-y-gonzalez\/","title":{"rendered":"Hoy se espera la llegada de Ubilla al CDA y van por la permanencia de Rodr\u00edguez y Gonz\u00e1lez"},"content":{"rendered":"<figure id=\"attachment_4612\" aria-describedby=\"caption-attachment-4612\" style=\"width: 700px\" class=\"wp-caption alignnone\"><img loading=\"lazy\" decoding=\"async\" class=\" size-full wp-image-4612\" src=\"http:\/\/www.rincondelbulla.cl\/portal\/wp-content\/uploads\/2012\/06\/a0e8823e226e7d56487c4040d3ba472c.jpg\" alt=\"Foto: Photosport\" class=\"caption\" title=\"Se espera que hoy arribe Ubulla al Centro deportivo Azul\" width=\"700\" height=\"396\" srcset=\"http:\/\/www.rincondelbulla.cl\/portal\/wp-content\/uploads\/2012\/06\/a0e8823e226e7d56487c4040d3ba472c.jpg 700w, http:\/\/www.rincondelbulla.cl\/portal\/wp-content\/uploads\/2012\/06\/a0e8823e226e7d56487c4040d3ba472c-300x170.jpg 300w, http:\/\/www.rincondelbulla.cl\/portal\/wp-content\/uploads\/2012\/06\/a0e8823e226e7d56487c4040d3ba472c-696x394.jpg 696w\" sizes=\"auto, (max-width: 700px) 100vw, 700px\" \/><figcaption id=\"caption-attachment-4612\" class=\"wp-caption-text\">Se espera que hoy arribe Ubulla al Centro deportivo Azul<\/figcaption><\/figure>\n<p><strong>Ayer, el delantero Sebasti\u00e1n Ubilla se someti\u00f3 a los \u00faltimos ex\u00e1menes para sellar su llegada a Universidad de Chile, por lo que ser\u00eda presentado alrededor del mediod\u00eda en el Centro Deportivo Azul.<\/strong> <!--more--> El delantero se pondr\u00e1 a las \u00f3rdenes del t\u00e9cnico Jorge Sampaoli de cara a la serie frente a Boca Juniors, por las semifinales de la Copa Libertadores.<\/p>\n<p>En alg\u00fan momento se baraj\u00f3 la opci\u00f3n de que Emilio Hern\u00e1ndez pasara al \u201cDecano\u201d, como parte de la operaci\u00f3n, algo que fue descartado por Azul Azul.<\/p>\n<p>Ahora, la dirigencia se enfocar\u00e1 en asegurar la permanencia de Mat\u00edas Rodr\u00edguez y Osvaldo Gonz\u00e1lez.<\/p>\n<p>Por el primero podr\u00eda llegar una oferta cercana a los US$ 11 millones, de parte del Manchester City, seg\u00fan inform\u00f3 ayer el diario brit\u00e1nico Daily Mirror. Sin embargo, desde la concesionaria afirman que \u201ctodav\u00eda no hemos recibido nada\u201d.<\/p>\n<p>El elenco \u201cciudadano\u201d estar\u00eda pensando en el lateral de la \u201cU\u201d, en caso de que Pablo Zabaleta emigre a Barcelona (tendr\u00eda un ofrecimiento concreto).<\/p>\n<p>En el caso de \u201cRocky\u201d, en tanto, los azules avanzan para conseguir que el defensa se quede en el club. El deseo del jugador es permanecer, pese a la intenci\u00f3n de Toluca de llevarlo de vuelta y el inter\u00e9s de algunos equipos brasile\u00f1os.<\/p>\n<p>Por otra parte, se sigue trabajando en la incorporaci\u00f3n del atacante de San Lorenzo Emmanuel Gigliotti y en la b\u00fasqueda de un volante central que reemplace a Marcelo D\u00edaz.<\/p>\n<p><strong>Fuente:<\/strong> La Tercera<\/p>\n","protected":false},"excerpt":{"rendered":"<p>Ayer, el delantero Sebasti\u00e1n Ubilla se someti\u00f3 a los \u00faltimos ex\u00e1menes para sellar su llegada a Universidad de Chile, por lo que ser\u00eda presentado alrededor del mediod\u00eda en el Centro Deportivo Azul.<\/p>\n","protected":false},"author":1,"featured_media":4612,"comment_status":"open","ping_status":"open","sticky":false,"template":"","format":"standard","meta":{"footnotes":""},"categories":[18],"tags":[454,65,88,116,118],"class_list":{"0":"post-3004","1":"post","2":"type-post","3":"status-publish","4":"format-standard","5":"has-post-thumbnail","7":"category-actualidad","8":"tag-actualidad","9":"tag-matias-rodriguez","10":"tag-osvaldo-gonzalez","11":"tag-refuerzos-2012","12":"tag-sebastian-ubilla"},"_links":{"self":[{"href":"http:\/\/www.rincondelbulla.cl\/portal\/wp-json\/wp\/v2\/posts\/3004","targetHints":{"allow":["GET"]}}],"collection":[{"href":"http:\/\/www.rincondelbulla.cl\/portal\/wp-json\/wp\/v2\/posts"}],"about":[{"href":"http:\/\/www.rincondelbulla.cl\/portal\/wp-json\/wp\/v2\/types\/post"}],"author":[{"embeddable":true,"href":"http:\/\/www.rincondelbulla.cl\/portal\/wp-json\/wp\/v2\/users\/1"}],"replies":[{"embeddable":true,"href":"http:\/\/www.rincondelbulla.cl\/portal\/wp-json\/wp\/v2\/comments?post=3004"}],"version-history":[{"count":0,"href":"http:\/\/www.rincondelbulla.cl\/portal\/wp-json\/wp\/v2\/posts\/3004\/revisions"}],"wp:featuredmedia":[{"embeddable":true,"href":"http:\/\/www.rincondelbulla.cl\/portal\/wp-json\/wp\/v2\/media\/4612"}],"wp:attachment":[{"href":"http:\/\/www.rincondelbulla.cl\/portal\/wp-json\/wp\/v2\/media?parent=3004"}],"wp:term":[{"taxonomy":"category","embeddable":true,"href":"http:\/\/www.rincondelbulla.cl\/portal\/wp-json\/wp\/v2\/categories?post=3004"},{"taxonomy":"post_tag","embeddable":true,"href":"http:\/\/www.rincondelbulla.cl\/portal\/wp-json\/wp\/v2\/tags?post=3004"}],"curies":[{"name":"wp","href":"https:\/\/api.w.org\/{rel}","templated":true}]}}