{"id":3016,"date":"2012-06-08T13:56:13","date_gmt":"2012-06-08T13:56:13","guid":{"rendered":"http:\/\/www.rincondelbulla.cl\/portal\/?p=3016"},"modified":"2012-06-08T13:56:13","modified_gmt":"2012-06-08T13:56:13","slug":"felices-cinco-anos-junto-al-hincha-bullanguero","status":"publish","type":"post","link":"http:\/\/www.rincondelbulla.cl\/portal\/2012\/06\/08\/felices-cinco-anos-junto-al-hincha-bullanguero\/","title":{"rendered":"Felices cinco a\u00f1os junto al hincha bullanguero"},"content":{"rendered":"<figure id=\"attachment_4624\" aria-describedby=\"caption-attachment-4624\" style=\"width: 700px\" class=\"wp-caption alignnone\"><img loading=\"lazy\" decoding=\"async\" class=\" size-full wp-image-4624\" src=\"http:\/\/www.rincondelbulla.cl\/portal\/wp-content\/uploads\/2012\/06\/a6988835324d6263d4c9a4f8f9eda2ba.jpg\" alt=\"Foto: Rincondelbulla.cl\" class=\"caption\" title=\"Rinc\u00f3n del Bulla vive su quinto Aniversario\" width=\"700\" height=\"396\" srcset=\"http:\/\/www.rincondelbulla.cl\/portal\/wp-content\/uploads\/2012\/06\/a6988835324d6263d4c9a4f8f9eda2ba.jpg 700w, http:\/\/www.rincondelbulla.cl\/portal\/wp-content\/uploads\/2012\/06\/a6988835324d6263d4c9a4f8f9eda2ba-300x170.jpg 300w, http:\/\/www.rincondelbulla.cl\/portal\/wp-content\/uploads\/2012\/06\/a6988835324d6263d4c9a4f8f9eda2ba-696x394.jpg 696w\" sizes=\"auto, (max-width: 700px) 100vw, 700px\" \/><figcaption id=\"caption-attachment-4624\" class=\"wp-caption-text\">Rinc\u00f3n del Bulla vive su quinto Aniversario<\/figcaption><\/figure>\n<p><strong>Hoy se cumplen 5 a\u00f1os desde la creaci\u00f3n y puesta en marcha de este proyecto, queremos a trav\u00e9s de este espacio agradecer a todos los bullangueros que han hecho del Rinc\u00f3n del Bulla el portal oficial del hincha azul.<\/strong> <!--more--> Ufff, ya son cinco, y esperamos seguir cumpliendo.<\/p>\n<p>El 29 de abril de este a\u00f1o el plantel de nuestro amado club nos entreg\u00f3 un festejo como corresponde, se adelantaron y no apagamos cinco velitas, festejamos cinco goles.<\/p>\n<p>Ese n\u00famero cinco que este a\u00f1o nos entreg\u00f3 un gigante festejo, es el que hoy nos llega de orgullo y emoci\u00f3n.<\/p>\n<p>Junto con saludar a todos los integrantes del staff del Rinc\u00f3n, periodistas, fot\u00f3rafos, colaboradores, web master, entre otros, queremos agradecer a quienes inspiran al equipo de trabajo; s\u00ed, a ustedes, los miles de hinchas azules que visitan nuestro portal, a los azules que utilizan este espacio para informarse de todas las novedades de nuestra querida Universidad de Chile.<\/p>\n<p>La marca personal, La previa, El post partido, galer\u00edas fotogr\u00e1ficas, Zona Azul, columnas de opini\u00f3n, encuestas, el foro, La trastienda de los partidos, entre otras, han ido formando parte de la pauta de Rinc\u00f3n del Bulla, secciones creadas exclusivamente por miembros de nuestro staff.<\/p>\n<p>Poco a poco vamos creciendo y en ese camino hemos ido aprendiendo de nuestros errores y enalteci\u00e9ndonos con nuestras virtudes.<\/p>\n<p>Aprovechamos tambi\u00e9n este festejo para gradecer a Maskepoleras, el primer auspiciador de Rinc\u00f3n del Bulla, vayan desde ac\u00e1 nuestros agradecimientos por confiar en este proyecto.<\/p>\n<p>La motivaci\u00f3n con la que naci\u00f3 www.rincondelbulla.cl no es menor, es la pasi\u00f3n, el amor que sentimos por la camiseta azul, el sentimiento que tenemos hacia nuestra gloriosa Universidad de Chile, ese es nuestro pilar fundamental.<\/p>\n<p>Como ha sido la historia de nuestro club y nuestros hinchas, Rinc\u00f3n del Bulla ha acompa\u00f1ado a nuestro equipo en cada momento, en los buenos, en los malos y en los recontramalos\u2026. Alguien dijo una vez, \u00a1\u00a1\u00a1 Esa es nuestra gran diferencia!!!<\/p>\n<p>Agradecemos al equipo de Universidad de Chile por las infinitas alegr\u00edas que este \u00faltimo tiempo le ha entregado a todo el pueblo azul y que hace de este aniversario n\u00famero cinco un festejo especial.<\/p>\n<p>Camaradas a festejar por el Rinc\u00f3n, a festejar por nuestra U y acompa\u00f1ar en todo momento al equipo con la historia m\u00e1s bella de todas, el equipo que rompe mitos y que es grande por su gente\u2026.Feliz Cumplea\u00f1os www.rinc\u00f3ndelbulla.cl<\/p>\n<p><strong>\u00a1\u00a1\u00a1\u00a1\u00a1Brindemos Camaradas!!!!!<\/strong><\/p>\n","protected":false},"excerpt":{"rendered":"<p>Hoy se cumplen 5 a\u00f1os desde la creaci\u00f3n y puesta en marcha de este proyecto, queremos a trav\u00e9s de este espacio agradecer a todos los bullangueros que han hecho del Rinc\u00f3n del Bulla el portal oficial del hincha azul.<\/p>\n","protected":false},"author":56,"featured_media":4624,"comment_status":"open","ping_status":"open","sticky":false,"template":"","format":"standard","meta":{"footnotes":""},"categories":[18],"tags":[],"class_list":{"0":"post-3016","1":"post","2":"type-post","3":"status-publish","4":"format-standard","5":"has-post-thumbnail","7":"category-actualidad"},"_links":{"self":[{"href":"http:\/\/www.rincondelbulla.cl\/portal\/wp-json\/wp\/v2\/posts\/3016","targetHints":{"allow":["GET"]}}],"collection":[{"href":"http:\/\/www.rincondelbulla.cl\/portal\/wp-json\/wp\/v2\/posts"}],"about":[{"href":"http:\/\/www.rincondelbulla.cl\/portal\/wp-json\/wp\/v2\/types\/post"}],"author":[{"embeddable":true,"href":"http:\/\/www.rincondelbulla.cl\/portal\/wp-json\/wp\/v2\/users\/56"}],"replies":[{"embeddable":true,"href":"http:\/\/www.rincondelbulla.cl\/portal\/wp-json\/wp\/v2\/comments?post=3016"}],"version-history":[{"count":0,"href":"http:\/\/www.rincondelbulla.cl\/portal\/wp-json\/wp\/v2\/posts\/3016\/revisions"}],"wp:featuredmedia":[{"embeddable":true,"href":"http:\/\/www.rincondelbulla.cl\/portal\/wp-json\/wp\/v2\/media\/4624"}],"wp:attachment":[{"href":"http:\/\/www.rincondelbulla.cl\/portal\/wp-json\/wp\/v2\/media?parent=3016"}],"wp:term":[{"taxonomy":"category","embeddable":true,"href":"http:\/\/www.rincondelbulla.cl\/portal\/wp-json\/wp\/v2\/categories?post=3016"},{"taxonomy":"post_tag","embeddable":true,"href":"http:\/\/www.rincondelbulla.cl\/portal\/wp-json\/wp\/v2\/tags?post=3016"}],"curies":[{"name":"wp","href":"https:\/\/api.w.org\/{rel}","templated":true}]}}