{"id":3020,"date":"2012-06-10T10:59:39","date_gmt":"2012-06-10T10:59:39","guid":{"rendered":"http:\/\/www.rincondelbulla.cl\/portal\/?p=3020"},"modified":"2012-06-10T10:59:39","modified_gmt":"2012-06-10T10:59:39","slug":"rojas-no-estaria-para-jugar-ante-boca","status":"publish","type":"post","link":"http:\/\/www.rincondelbulla.cl\/portal\/2012\/06\/10\/rojas-no-estaria-para-jugar-ante-boca\/","title":{"rendered":"Rojas no estar\u00eda para jugar ante Boca"},"content":{"rendered":"<figure id=\"attachment_4628\" aria-describedby=\"caption-attachment-4628\" style=\"width: 700px\" class=\"wp-caption alignnone\"><img loading=\"lazy\" decoding=\"async\" class=\" size-full wp-image-4628\" src=\"http:\/\/www.rincondelbulla.cl\/portal\/wp-content\/uploads\/2012\/06\/ad70919ba7124735ebdecbb717f331e8.jpg\" alt=\"Foto: REUTERS\" class=\"caption\" title=\"Jos\u00e9 Rojas, quien estuvo 30' en cancha, marca a Gabriel Cichero\" width=\"700\" height=\"396\" srcset=\"http:\/\/www.rincondelbulla.cl\/portal\/wp-content\/uploads\/2012\/06\/ad70919ba7124735ebdecbb717f331e8.jpg 700w, http:\/\/www.rincondelbulla.cl\/portal\/wp-content\/uploads\/2012\/06\/ad70919ba7124735ebdecbb717f331e8-300x170.jpg 300w, http:\/\/www.rincondelbulla.cl\/portal\/wp-content\/uploads\/2012\/06\/ad70919ba7124735ebdecbb717f331e8-696x394.jpg 696w\" sizes=\"auto, (max-width: 700px) 100vw, 700px\" \/><figcaption id=\"caption-attachment-4628\" class=\"wp-caption-text\">Jos\u00e9 Rojas, quien estuvo 30&#8242; en cancha, marca a Gabriel Cichero<\/figcaption><\/figure>\n<p><strong>El defensa sali\u00f3 con una molestia muscular. Jorge Sampaoli y la \u00abU\u00bb sufren por sus seleccionados.<\/strong> <!--more--> Cuando Jos\u00e9 Rojas pidi\u00f3 el cambio, todos en el banco de la Selecci\u00f3n hicieron un gesto que evidenci\u00f3 inquietud. La misma que deben haber sentido todos en la \u201cU\u201d, pensando en el duelo de ma\u00f1ana ante Cobreloa y, en especial, en el choque ante Boca Juniors, el jueves, por la Copa Libertadores.<\/p>\n<p>El \u201cPepe\u201d, que no entren\u00f3 con normalidad en la semana por un edema, sufrir\u00eda un desgarro en el muslo izquierdo, situaci\u00f3n que se deber\u00eda confirmar en las pr\u00f3ximas horas.<\/p>\n<p>\u201cSent\u00ed un tir\u00f3n muy fuerte, pero no tengo la certeza de que sea un desgarro. Vamos a ver ahora qu\u00e9 sucede. La verdad es que ven\u00eda hace varias semanas con una molestia\u201d, dijo el zaguero tras el duelo.<\/p>\n<p>El doctor Roberto Y\u00e1\u00f1ez expres\u00f3 que \u201csinti\u00f3 una molestia, que ojal\u00e1 sea s\u00f3lo una contractura o una dolencia m\u00ednima. Ma\u00f1ana (hoy) le haremos una ecograf\u00eda para luego tomar contacto inmediato con los doctores de la \u2018U\u2019\u201d.<\/p>\n<p>Sin embargo, otras fuentes del cuerpo m\u00e9dico chileno confiesan que es m\u00e1s que dif\u00edcil que el jugador est\u00e9 para el duelo copero.<\/p>\n<p>Rojas se perder\u00eda el encuentro de ma\u00f1ana por los cuartos de final de Apertura y la semifinal de la Libertadores. Adem\u00e1s, podr\u00eda hacerlo perder el potencial choque ante Colo Colo por playoffs (17 de junio) y el duelo de vuelta con Boca (21).<\/p>\n<p>Un dolor de cabeza m\u00e1s para Azul Azul y Jorge Sampaoli, quien deber\u00e1 optar por utilizar en Argentina a Igor Lichnovsky, Albert Acevedo o Eduardo Morante, aunque este \u00faltimo no ser\u00eda considerado por su falta de ritmo.<\/p>\n<p>Claudio Borghi le dedic\u00f3 un especial mensaje a la gente de la \u201cU\u201d en la conferencia de prensa, por la lesi\u00f3n de Rojas. \u201cTengo que pedir disculpas a la \u2018U\u2019 por devolverles un jugador lesionado\u201d, dijo en Puerto La Cruz.<\/p>\n<p><strong>EN AVI\u00d3N PRIVADO<\/strong><\/p>\n<p>El exigente calendario que enfrentan los seleccionados azules llev\u00f3 a la concesionaria a destinar un avi\u00f3n privado para traerlos inmediatamente de regreso a Santiago. La nave, facilitada por Carlos Heller, ten\u00eda proyectado su aterrizaje a la capital cerca de las 6.30. En ese momento, ser\u00edan trasladados hasta la concentraci\u00f3n.<\/p>\n<p>El extenuante viaje de regreso, sumado al cansancio de los azules que jugaron en esta doble fecha, los llev\u00f3 a \u201cganar horas\u201d con el env\u00edo del avi\u00f3n, a pesar de la escala en la ciudad peruana de Trujillo, para cargar combustible.<\/p>\n<p>Sampaoli apuesta a abrochar la llave ante los lo\u00ednos (ganaron 2-0 en Calama) utilizando a los seleccionados que menos desgaste presenten. Junior Fernandes, Mat\u00edas Rodr\u00edguez, quien no jug\u00f3 un solo minuto por Argentina, y Ra\u00fal Ruid\u00edaz, que estuvo con Per\u00fa, ser\u00edan estelares.<\/p>\n<p>No obstante, desde Venezuela, un nost\u00e1lgico Marcelo D\u00edaz, quien partir\u00e1 al Basilea suizo, dej\u00f3 entrever que est\u00e1 disponible para jugar ma\u00f1ana ante Cobreloa.<\/p>\n<p>\u201cMe queda tan poco tiempo en Chile que me gustar\u00eda disputar absolutamente todos los partidos\u201d, dijo \u201cCarepato\u201d. Habr\u00e1 que ver qu\u00e9 opina su t\u00e9cnico en la \u201cU\u201d.<\/p>\n<p><strong>Fuente:<\/strong> La Tercera<\/p>\n","protected":false},"excerpt":{"rendered":"<p>El defensa sali\u00f3 con una molestia muscular. Jorge Sampaoli y la \u00abU\u00bb sufren por sus seleccionados.<\/p>\n","protected":false},"author":1,"featured_media":4628,"comment_status":"open","ping_status":"open","sticky":false,"template":"","format":"standard","meta":{"footnotes":""},"categories":[18],"tags":[454,95,51],"class_list":{"0":"post-3020","1":"post","2":"type-post","3":"status-publish","4":"format-standard","5":"has-post-thumbnail","7":"category-actualidad","8":"tag-actualidad","9":"tag-copa-libertadores-2012","10":"tag-jose-rojas"},"_links":{"self":[{"href":"http:\/\/www.rincondelbulla.cl\/portal\/wp-json\/wp\/v2\/posts\/3020","targetHints":{"allow":["GET"]}}],"collection":[{"href":"http:\/\/www.rincondelbulla.cl\/portal\/wp-json\/wp\/v2\/posts"}],"about":[{"href":"http:\/\/www.rincondelbulla.cl\/portal\/wp-json\/wp\/v2\/types\/post"}],"author":[{"embeddable":true,"href":"http:\/\/www.rincondelbulla.cl\/portal\/wp-json\/wp\/v2\/users\/1"}],"replies":[{"embeddable":true,"href":"http:\/\/www.rincondelbulla.cl\/portal\/wp-json\/wp\/v2\/comments?post=3020"}],"version-history":[{"count":0,"href":"http:\/\/www.rincondelbulla.cl\/portal\/wp-json\/wp\/v2\/posts\/3020\/revisions"}],"wp:featuredmedia":[{"embeddable":true,"href":"http:\/\/www.rincondelbulla.cl\/portal\/wp-json\/wp\/v2\/media\/4628"}],"wp:attachment":[{"href":"http:\/\/www.rincondelbulla.cl\/portal\/wp-json\/wp\/v2\/media?parent=3020"}],"wp:term":[{"taxonomy":"category","embeddable":true,"href":"http:\/\/www.rincondelbulla.cl\/portal\/wp-json\/wp\/v2\/categories?post=3020"},{"taxonomy":"post_tag","embeddable":true,"href":"http:\/\/www.rincondelbulla.cl\/portal\/wp-json\/wp\/v2\/tags?post=3020"}],"curies":[{"name":"wp","href":"https:\/\/api.w.org\/{rel}","templated":true}]}}