{"id":3021,"date":"2012-06-11T13:09:41","date_gmt":"2012-06-11T13:09:41","guid":{"rendered":"http:\/\/www.rincondelbulla.cl\/portal\/?p=3021"},"modified":"2012-06-11T13:09:41","modified_gmt":"2012-06-11T13:09:41","slug":"la-u-sale-con-todo-en-busca-de-las-semifinales-del-apertura","status":"publish","type":"post","link":"http:\/\/www.rincondelbulla.cl\/portal\/2012\/06\/11\/la-u-sale-con-todo-en-busca-de-las-semifinales-del-apertura\/","title":{"rendered":"La \u2018U\u2019 sale con todo en busca de las semifinales del Apertura"},"content":{"rendered":"<figure id=\"attachment_4629\" aria-describedby=\"caption-attachment-4629\" style=\"width: 700px\" class=\"wp-caption alignnone\"><img loading=\"lazy\" decoding=\"async\" class=\" size-full wp-image-4629\" src=\"http:\/\/www.rincondelbulla.cl\/portal\/wp-content\/uploads\/2012\/06\/63198582d1c1e0def3af8815b5899e1f.jpg\" alt=\"Foto: Patricio Gonz\u00e1lez\" class=\"caption\" title=\"Ar\u00e1nguiz, D\u00edaz, Mena y Fernandes salen como titulares\" width=\"700\" height=\"396\" srcset=\"http:\/\/www.rincondelbulla.cl\/portal\/wp-content\/uploads\/2012\/06\/63198582d1c1e0def3af8815b5899e1f.jpg 700w, http:\/\/www.rincondelbulla.cl\/portal\/wp-content\/uploads\/2012\/06\/63198582d1c1e0def3af8815b5899e1f-300x170.jpg 300w, http:\/\/www.rincondelbulla.cl\/portal\/wp-content\/uploads\/2012\/06\/63198582d1c1e0def3af8815b5899e1f-696x394.jpg 696w\" sizes=\"auto, (max-width: 700px) 100vw, 700px\" \/><figcaption id=\"caption-attachment-4629\" class=\"wp-caption-text\">Ar\u00e1nguiz, D\u00edaz, Mena y Fernandes salen como titulares<\/figcaption><\/figure>\n<p><strong>Ar\u00e1nguiz, D\u00edaz, Mena y Fernandes arrancar\u00e1n este lunes desde el primer minuto ante Cobreloa, rival que en la ida cay\u00f3 0-2. De avanzar los azules se encontrar\u00e1n con Colo Colo.<\/strong> <!--more--> Atr\u00e1s quedaron los triunfos de la selecci\u00f3n chilena frente a Bolivia y Venezuela por las Clasificatorias sudamericanas rumbo a Brasil 2014, y ahora todo se centrar\u00e1 en la definici\u00f3n del Torneo de Apertura.<\/p>\n<p>Este lunes, a partir de las 20:00 horas en el Estadio Nacional Universidad de Chile recibe, con cuatro seleccionados como titulares, a Cobreloa en busca del paso a las semifinales del certamen local.<\/p>\n<p>Charles Ar\u00e1nguiz, Marcelo D\u00edaz, Eugenio Mena y Junior Fernandez arrancar\u00e1n desde el primer minuto en el recinto nu\u00f1o\u00edno, con la primera opci\u00f3n de avanzar a la siguiente ronda despu\u00e9s del 2-0 que lograron los azules en la ida en Calama. De ser as\u00ed, los laicos volver\u00e1n a chocar con Colo Colo.<\/p>\n<p>En tanto, los otros integrantes del combinado nacional Osvaldo Gonz\u00e1lez y Jos\u00e9 Rojas no ver\u00e1n acci\u00f3n. El primero ir\u00e1 a la banca y el segundo est\u00e1 descartado por molestias f\u00edsicas.<\/p>\n<p>Con este panorama el cuadro que dirige Jorge Sampaoli saltar\u00eda al campo de juego con:<strong> Johnny Herrera; Albert Acevedo, Paulo Magalhaes, Igor Lichnosvky; Mat\u00edas Rodr\u00edguez, Charles Ar\u00e1nguiz, Marcelo D\u00edaz, Eugenio Mena; Junior Fernandes, Angelo Henr\u00edquez y Francisco Castro.<\/strong><\/p>\n<p>Por su parte, el elenco naranja, que debe anotar tres goles para eliminar a la U, jugar\u00eda con: Luciano Palos; Miguel Sanhueza, Cristi\u00e1n Su\u00e1rez, Sebasti\u00e1n Roco; Sebasti\u00e1n Villegas, Gerson Mart\u00ednez, Felipe Rojas, Rodolfo Gonz\u00e1lez, Jos\u00e9 Luis D\u00edaz; Cristi\u00e1n Milla y Felipe Flores.<\/p>\n<p>Todas las alternativas del trascendental lance entre azules y calame\u00f1os, que arbitrar\u00e1 Claudio Puga, usted las <strong>podr\u00e1 seguir en vivo a trav\u00e9s de <a href=\"http:\/\/www.futbolenvivo.rincondelbulla.cl\">www.futbolenvivo.rincondelbulla.cl<\/a><\/strong> , desde las 20:00 horas.<\/p>\n","protected":false},"excerpt":{"rendered":"<p>Ar\u00e1nguiz, D\u00edaz, Mena y Fernandes arrancar\u00e1n este lunes desde el primer minuto ante Cobreloa, rival que en la ida cay\u00f3 0-2. De avanzar los azules se encontrar\u00e1n con Colo Colo.<\/p>\n","protected":false},"author":1,"featured_media":4629,"comment_status":"open","ping_status":"open","sticky":false,"template":"","format":"standard","meta":{"footnotes":""},"categories":[18],"tags":[454,94,37],"class_list":{"0":"post-3021","1":"post","2":"type-post","3":"status-publish","4":"format-standard","5":"has-post-thumbnail","7":"category-actualidad","8":"tag-actualidad","9":"tag-apertura-2012","10":"tag-la-previa"},"_links":{"self":[{"href":"http:\/\/www.rincondelbulla.cl\/portal\/wp-json\/wp\/v2\/posts\/3021","targetHints":{"allow":["GET"]}}],"collection":[{"href":"http:\/\/www.rincondelbulla.cl\/portal\/wp-json\/wp\/v2\/posts"}],"about":[{"href":"http:\/\/www.rincondelbulla.cl\/portal\/wp-json\/wp\/v2\/types\/post"}],"author":[{"embeddable":true,"href":"http:\/\/www.rincondelbulla.cl\/portal\/wp-json\/wp\/v2\/users\/1"}],"replies":[{"embeddable":true,"href":"http:\/\/www.rincondelbulla.cl\/portal\/wp-json\/wp\/v2\/comments?post=3021"}],"version-history":[{"count":0,"href":"http:\/\/www.rincondelbulla.cl\/portal\/wp-json\/wp\/v2\/posts\/3021\/revisions"}],"wp:featuredmedia":[{"embeddable":true,"href":"http:\/\/www.rincondelbulla.cl\/portal\/wp-json\/wp\/v2\/media\/4629"}],"wp:attachment":[{"href":"http:\/\/www.rincondelbulla.cl\/portal\/wp-json\/wp\/v2\/media?parent=3021"}],"wp:term":[{"taxonomy":"category","embeddable":true,"href":"http:\/\/www.rincondelbulla.cl\/portal\/wp-json\/wp\/v2\/categories?post=3021"},{"taxonomy":"post_tag","embeddable":true,"href":"http:\/\/www.rincondelbulla.cl\/portal\/wp-json\/wp\/v2\/tags?post=3021"}],"curies":[{"name":"wp","href":"https:\/\/api.w.org\/{rel}","templated":true}]}}