{"id":3032,"date":"2012-06-13T11:35:21","date_gmt":"2012-06-13T11:35:21","guid":{"rendered":"http:\/\/www.rincondelbulla.cl\/portal\/?p=3032"},"modified":"2012-06-13T11:35:21","modified_gmt":"2012-06-13T11:35:21","slug":"osvaldo-gonzalez-no-veo-interes-para-que-siga-en-la-u","status":"publish","type":"post","link":"http:\/\/www.rincondelbulla.cl\/portal\/2012\/06\/13\/osvaldo-gonzalez-no-veo-interes-para-que-siga-en-la-u\/","title":{"rendered":"Osvaldo Gonz\u00e1lez: \u201cNo veo inter\u00e9s para que siga en la \u2018U\u2019\u201d"},"content":{"rendered":"<figure id=\"attachment_4640\" aria-describedby=\"caption-attachment-4640\" style=\"width: 700px\" class=\"wp-caption alignnone\"><img loading=\"lazy\" decoding=\"async\" class=\" size-full wp-image-4640\" src=\"http:\/\/www.rincondelbulla.cl\/portal\/wp-content\/uploads\/2012\/06\/5504e4c1860e26ef6bda39b0d173988a.jpg\" alt=\"Foto: Patricio Gonz\u00e1lez\" class=\"caption\" title=\"Yo quiero seguir, pero hoy veo lejos mi futuro de la \u2018U\u2019, dijo el zaguero\" width=\"700\" height=\"396\" srcset=\"http:\/\/www.rincondelbulla.cl\/portal\/wp-content\/uploads\/2012\/06\/5504e4c1860e26ef6bda39b0d173988a.jpg 700w, http:\/\/www.rincondelbulla.cl\/portal\/wp-content\/uploads\/2012\/06\/5504e4c1860e26ef6bda39b0d173988a-300x170.jpg 300w, http:\/\/www.rincondelbulla.cl\/portal\/wp-content\/uploads\/2012\/06\/5504e4c1860e26ef6bda39b0d173988a-696x394.jpg 696w\" sizes=\"auto, (max-width: 700px) 100vw, 700px\" \/><figcaption id=\"caption-attachment-4640\" class=\"wp-caption-text\">Yo quiero seguir, pero hoy veo lejos mi futuro de la \u2018U\u2019, dijo el zaguero<\/figcaption><\/figure>\n<p><strong>El zaguero pidi\u00f3 una respuesta al club sobre su permanencia, pero dice que a\u00fan espera.<\/strong>  <!--more--> Osvaldo Gonz\u00e1lez est\u00e1 inquieto. Pese a estar viviendo un momento muy especial en lo deportivo, donde es titular indiscutido en los dos representativos m\u00e1s importantes del f\u00fatbol nacional, Universidad de Chile y en la Selecci\u00f3n, el zaguero lidia con una espera a la que le puso plazo, pensando en definir su futuro.<\/p>\n<p>\u201cAntes de viajar con la selecci\u00f3n chilena, en esta fecha doble, ped\u00ed una reuni\u00f3n con el gerente deportivo de la \u2018U\u2019 para que definieran mi situaci\u00f3n en el club, porque hasta ahora nadie nos ha dado una respuesta a m\u00ed o a mi agente. Es m\u00e1s, cuando visitamos San Carlos para jugar contra la Cat\u00f3lica, vino Jaime Le\u00f3n, gerente de Toluca, y me dijo que me quer\u00edan de regreso, pero yo le dije que estaba esperando una respuesta de la \u2018U\u2019, la que todav\u00eda no llega\u201d, comienza diciendo Gonz\u00e1lez.<\/p>\n<p>\u201cMe dijeron que quer\u00edan contar conmigo en Toluca y que nadie de la \u2018U\u2019 les hab\u00eda pedido condiciones para asegurar que yo siga ac\u00e1 y pueda cumplir mi contrato hasta 2015. Esto me tiene angustiado, porque no quiero que llegue el final del Apertura y la Libertadores para que definan mi futuro\u201d, a\u00f1ade.<\/p>\n<p>En este contexto, fue claro con el pedido que les hizo a los azules. \u201cLes ped\u00ed que resolviesen mi caso y que me dijeran si quer\u00edan que siguiera o no, porque hasta ahora nadie me ha dicho nada. Yo quiero seguir ac\u00e1, pero nadie se me ha acercado. Como est\u00e1n las cosas hoy, veo lejos mi futuro de la \u2018U\u2019, porque el inter\u00e9s por seguir parece ser s\u00f3lo m\u00edo, y eso me incomoda\u201d, asevera el penquista.<\/p>\n<p><strong>EL FUTURO EN ESPERA<\/strong><\/p>\n<p>En este contexto, a\u00f1ade que \u201cquiero saber lo que va a pasar conmigo ahora, porque tengo que proyectarme y ordenar mis cosas. Se los ped\u00ed antes del viaje con la Selecci\u00f3n en esta fecha doble y sigo esperando. Mi deseo es seguir ac\u00e1, pero nadie me dice nada y eso me tiene intranquilo\u201d.<\/p>\n<p>Y su angustia es tal que, dice, ya comienza a ver otras oportunidades: \u201cSi no ha pasado nada hasta ahora, voy a tener que ver otras opciones, porque no veo inter\u00e9s para que siga en la \u2018U\u2019. Como van las cosas, estos partidos ante Boca y Colo Colo pueden ser mis \u00faltimos con esta camiseta\u201d.<\/p>\n<p>De hecho, reconoce haber conversado con Jorge Sampaoli: \u201cHace dos semanas me pregunt\u00f3 en qu\u00e9 estaba mi situaci\u00f3n y le expliqu\u00e9 que no sab\u00eda nada. Me dijo que me quer\u00eda en el equipo, pero nadie se me acerca. Parece que soy el \u00fanico que quiere que siga en la \u2018U\u2019 y as\u00ed veo dif\u00edcil seguir, pese a que es lo \u00fanico que quiero\u201d.<\/p>\n<p>En la \u201cU\u201d, en tanto, aseguran que est\u00e1n esperando que Toluca zanje la situaci\u00f3n con Gonz\u00e1lez para luego sentarse a conversar con el jugador.<\/p>\n<p>Sobre el duelo ante los \u201cxeneizes\u201d y el Supercl\u00e1sico, sostiene que \u201centrando a la cancha se olvida todo. Juego a morir por estos colores, pero uno espera que eso tambi\u00e9n se repita con uno. Soy quien m\u00e1s partidos ha jugado por la \u2018U\u2019 en estas campa\u00f1as y eso no es menor&#8230; \u00bfBoca? Es un gran rival, pero estamos para pasar a cualquiera. \u00bfColo Colo? Lo respetamos, pero estamos en un gran momento que debemos aprovechar\u201d.<\/p>\n<p><span style=\"text-decoration: underline;\"><strong>ESPERAN CARTA POR US$ 4,6 MILLONES<\/strong><\/span><\/p>\n<p>Antes de viajar a Buenos Aires, Jorge Sampaoli entren\u00f3 ayer por la ma\u00f1ana jugadas de bal\u00f3n parado y por zonas. En la ocasi\u00f3n, se adelant\u00f3 que el equipo ante Boca s\u00f3lo espera el alta de Rojas y Lorenzetti. As\u00ed, jugar\u00edan Herrera; Gonz\u00e1lez, Acevedo y Rojas; Rodr\u00edguez, D\u00edaz, Ar\u00e1nguiz y Mena; Fernandes, Henr\u00edquez y Lorenzetti.<\/p>\n<p>Asimismo, ayer Angelo Henr\u00edquez sum\u00f3 avances para su transferencia. Mientras un portal ingl\u00e9s aseguraba que ahora tambi\u00e9n est\u00e1 en la mira de Milan y Barcelona, en Azul Azul adelantaron que \u201cnos contactamos con la gente del Manchester y nos dijeron que cuando estuviesen listos iban a mandar una carta (por US$ 4,6 millones) para adquirir a Angelo (Henr\u00edquez), lo que no ha pasado. Del Milan y Barcelona no hay nada\u201d, aseveraron.<\/p>\n<p>La misma situaci\u00f3n viven los universitarios con Charles Ar\u00e1nguiz, Junior Fernandes, Igor Lichnovsky y Paulo Magalhaes, en la mira de los clubes alemanes Bayer Leverkusen y Wolfsburgo. Por Ar\u00e1nguiz y Lichnovsky se esperan ofertas cercanas a los tres millones de d\u00f3lares, por la mitad de sus pases.<\/p>\n<p><strong>Fuente:<\/strong> La Tercera<\/p>\n","protected":false},"excerpt":{"rendered":"<p>El zaguero pidi\u00f3 una respuesta al club sobre su permanencia, pero dice que a\u00fan espera.<\/p>\n","protected":false},"author":1,"featured_media":4640,"comment_status":"open","ping_status":"open","sticky":false,"template":"","format":"standard","meta":{"footnotes":""},"categories":[18],"tags":[454,94,95,88],"class_list":{"0":"post-3032","1":"post","2":"type-post","3":"status-publish","4":"format-standard","5":"has-post-thumbnail","7":"category-actualidad","8":"tag-actualidad","9":"tag-apertura-2012","10":"tag-copa-libertadores-2012","11":"tag-osvaldo-gonzalez"},"_links":{"self":[{"href":"http:\/\/www.rincondelbulla.cl\/portal\/wp-json\/wp\/v2\/posts\/3032","targetHints":{"allow":["GET"]}}],"collection":[{"href":"http:\/\/www.rincondelbulla.cl\/portal\/wp-json\/wp\/v2\/posts"}],"about":[{"href":"http:\/\/www.rincondelbulla.cl\/portal\/wp-json\/wp\/v2\/types\/post"}],"author":[{"embeddable":true,"href":"http:\/\/www.rincondelbulla.cl\/portal\/wp-json\/wp\/v2\/users\/1"}],"replies":[{"embeddable":true,"href":"http:\/\/www.rincondelbulla.cl\/portal\/wp-json\/wp\/v2\/comments?post=3032"}],"version-history":[{"count":0,"href":"http:\/\/www.rincondelbulla.cl\/portal\/wp-json\/wp\/v2\/posts\/3032\/revisions"}],"wp:featuredmedia":[{"embeddable":true,"href":"http:\/\/www.rincondelbulla.cl\/portal\/wp-json\/wp\/v2\/media\/4640"}],"wp:attachment":[{"href":"http:\/\/www.rincondelbulla.cl\/portal\/wp-json\/wp\/v2\/media?parent=3032"}],"wp:term":[{"taxonomy":"category","embeddable":true,"href":"http:\/\/www.rincondelbulla.cl\/portal\/wp-json\/wp\/v2\/categories?post=3032"},{"taxonomy":"post_tag","embeddable":true,"href":"http:\/\/www.rincondelbulla.cl\/portal\/wp-json\/wp\/v2\/tags?post=3032"}],"curies":[{"name":"wp","href":"https:\/\/api.w.org\/{rel}","templated":true}]}}