{"id":3035,"date":"2012-06-14T12:31:03","date_gmt":"2012-06-14T12:31:03","guid":{"rendered":"http:\/\/www.rincondelbulla.cl\/portal\/?p=3035"},"modified":"2012-06-14T12:31:03","modified_gmt":"2012-06-14T12:31:03","slug":"se-viene-boca-la-u-sale-en-busca-de-su-primer-paso-para-la-final-de-copa-libertadores","status":"publish","type":"post","link":"http:\/\/www.rincondelbulla.cl\/portal\/2012\/06\/14\/se-viene-boca-la-u-sale-en-busca-de-su-primer-paso-para-la-final-de-copa-libertadores\/","title":{"rendered":"Se viene Boca: La \u2018U\u2019 sale en busca de su primer paso para la final de Copa Libertadores"},"content":{"rendered":"<figure id=\"attachment_4643\" aria-describedby=\"caption-attachment-4643\" style=\"width: 700px\" class=\"wp-caption alignnone\"><img loading=\"lazy\" decoding=\"async\" class=\" size-full wp-image-4643\" src=\"http:\/\/www.rincondelbulla.cl\/portal\/wp-content\/uploads\/2012\/06\/cd57e341984c5ea5152726b8f2e89570.jpg\" alt=\"Foto: Patricio Gonz\u00e1lez\" class=\"caption\" title=\"Los azules quieren prolongar los festejos en la Libertadores de Am\u00e9rica.\" width=\"700\" height=\"396\" srcset=\"http:\/\/www.rincondelbulla.cl\/portal\/wp-content\/uploads\/2012\/06\/cd57e341984c5ea5152726b8f2e89570.jpg 700w, http:\/\/www.rincondelbulla.cl\/portal\/wp-content\/uploads\/2012\/06\/cd57e341984c5ea5152726b8f2e89570-300x170.jpg 300w, http:\/\/www.rincondelbulla.cl\/portal\/wp-content\/uploads\/2012\/06\/cd57e341984c5ea5152726b8f2e89570-696x394.jpg 696w\" sizes=\"auto, (max-width: 700px) 100vw, 700px\" \/><figcaption id=\"caption-attachment-4643\" class=\"wp-caption-text\">Los azules quieren prolongar los festejos en la Libertadores de Am\u00e9rica.<\/figcaption><\/figure>\n<p><strong>El panorama es complicado: dos semifinales, dos rivales complicados. Por un lado, la U juega en la Bombonera un important\u00edsimo partido contra Boca Juniors, por Copa Libertadores. Por otro lado, jugar\u00e1 el domingo en el estadio Monumental, sin p\u00fablico, contra Colo Colo. Pero el rival que hoy importa, seg\u00fan nos ha inculcado Jorge Sampaoli, es el m\u00e1s pr\u00f3ximo: Boca Juniors. En una previa cargada de declaraciones cruzadas, cargadas de halagos m\u00e1s que otra cosa, se comenz\u00f3 a vivir este emocionante duelo. En el <em>Rinc\u00f3n del Bulla<\/em> te contamos lo que se vivi\u00f3 durante la semana.<\/strong> <!--more--> Muchos factores son los que han salido a la luz en los \u00faltimos d\u00edas de cara al duelo con Boca Juniors, por las semifinales de la Copa Santander Libertadores. Jugadores lesionados, sobrecarga de partidos, fichajes, selecci\u00f3n; pero nada de esto le quita el sue\u00f1o a Jorge Sampaoli. El t\u00e9cnico azul, en la conferencia de prensa que dio en Buenos Aires, dijo que \u201cmuchas sensaciones que tienen que ver con enfrentar a un gran equipo en un escenario donde Boca est\u00e1 acostumbrado. Sabemos que tenemos una chance hist\u00f3rica para el club y para Chile de poder jugar una instancia final. La responsabilidad es nuestra si queremos que eso suceda\u201d, entusiasmado con la opci\u00f3n de lograr un buen resultado en la m\u00edtica Bombonera.<\/p>\n<p>Pero tambi\u00e9n hubo problemas que rondaron la cabeza del estratego. <strong>Las lesiones del capit\u00e1n Jos\u00e9 Rojas y del volante Gustavo Lorenzetti causaron m\u00e1s de una complicaci\u00f3n al DT y a su cuerpo t\u00e9cnico<\/strong>. Aunque hay signos esperanzadores para el equipo azul de cara a tan importante duelo. Porque seg\u00fan Alejandro Orizola, jefe del staff m\u00e9dico de la Universidad de Chile, los jugadores quedaron a disposici\u00f3n del cuerpo t\u00e9cnico despu\u00e9s de la pr\u00e1ctica realizada en canchas de Arsenal de Sarand\u00ed. Aunque no est\u00e1n 100% confirmados, ya que Sampaoli argument\u00f3 que <strong>\u201cno est\u00e1n descartados, ser\u00e1n evaluados en el entrenamiento de hoy y los esperaremos hasta \u00faltimo minuto<\/strong>. Si no llega Lorenzetti ser\u00e1 el mismo sistema t\u00e1ctico, entrar\u00e1 Castro o Ubilla. Y si Rojas no juega estar\u00e1 Magalhaes y defenderemos igual en raz\u00f3n al ataque de Boca (\u2026)\u201d, ante la posibilidad de eventuales cambios en la formaci\u00f3n que presentar\u00e1 en la Bombonera.<\/p>\n<p>Con esto, la posible formaci\u00f3n azul ser\u00eda: <strong>Johnny Herrera; Osvaldo Gonz\u00e1lez, Albert Acevedo y Jos\u00e9 Rojas; Mat\u00edas Rodr\u00edguez, Charles Ar\u00e1nguiz, Marcelo D\u00edaz y Eugenio Mena; Gustavo Lorenzetti, Junior Fernandes y \u00c1ngelo Henr\u00edquez.<\/strong><\/p>\n<p>Otro que sac\u00f3 la voz en la previa fue el lateral argentino nacido en la cantera boquense. Mat\u00edas Rodr\u00edguez habl\u00f3 de c\u00f3mo jugar\u00e1n y que saldr\u00e1n a ganar este trascendental encuentro. \u00abEs la primera vez que me toca estar en ese estadio y ojal\u00e1 podamos hacer un buen partido. Sabemos que no ser\u00e1 nada de f\u00e1cil, pero nos sentimos preparados para obtener un buen resultado\u00bb, dijo a La Segunda.<\/p>\n<p><strong>RIVAL DE TURNO<\/strong><\/p>\n<p>Boca anda bien. Est\u00e1 luchando firmemente todo lo que est\u00e1 jugando. Actual semifinalista de la Copa Santander Libertadores, puntero del Torneo de Clausura Argentino y est\u00e1 en la final de la Copa Argentina. Pero los argentinos, grandes favoritos en todas las competencias, no se guardaron elogios para los azules. \u00abEs un muy buen equipo que el \u00faltimo a\u00f1o a nivel local e internacional tuvo muy buenos resultados, ganando la Copa Sudamericana y estando ahora en una instancia tan avanzada de la Copa Libertadores como nosotros. Los respetamos mucho, tiene siete u ocho jugadores convocados a las diferentes selecciones y sabemos que ser\u00e1 complicado\u00bb, dijo su t\u00e9cnico, Julio C\u00e9sar Falcioni.<\/p>\n<p>Otro que no se guard\u00f3 nada en la antesala de la semifinal de la Copa fue el capit\u00e1n, el referente, el \u00eddolo: Juan Rom\u00e1n Riquelme. \u00abTienen buenos jugadores que disfrutan dentro de la cancha. Tienen un entrenador que sabe lo que quiere. La U de Chile sabe lo que quiere y sabe lo que juega. El jueves depende de nosotros, si boca maneja la pelota, ellos tendr\u00e1n que defender. Este juego se juega con una sola pelota. Somos conscientes de que somos locales, queremos que nuestros hinchas canten m\u00e1s que nunca porque queremos llegar a la final. Tenemos muchas chances de ganar el jueves\u00bb, dijo Rom\u00e1n. \u00abLa U de Chile, en chile, es el mejor hasta que otro gane el campeonato. Nosotros somos los mejores en Argentina porque somos los campeones. Trataremos de darle pelea a la U, so\u00f1amos con estar en la final\u00bb, agreg\u00f3 a los cuestionamientos de si la U era el mejor equipo de Chile hoy en d\u00eda.<\/p>\n<p>La posible oncena titular Xeneize contar\u00eda con: <strong>Agust\u00edn Ori\u00f3n en el arco, Facundo Roncaglia, Rolando Schiavi, Juan Manuel Insaurralde y Juan S\u00e1nchez Mi\u00f1o en la zaga; Pablo Ledesma, Leandro Somoza, Walter Erviti y Juan Rom\u00e1n Riquelme en mediocampo, dejando en ofensiva a Pablo Mouche y Santiago Silva.<\/strong><\/p>\n<p>Para el duelo que se jugar\u00e1 en Buenos Aires, en la Bombonera, el jueves 14 de junio a las 19:15 (\/hora de Chile), el encargado de impartir justicia ser\u00e1 el colombiano Wilmar Rold\u00e1n. \u00c9l estar\u00e1 secundado por sus compatriotas Abraham Gonz\u00e1lez y Eduardo D\u00edaz. El cuarto \u00e1rbitro ser\u00e1, el tambi\u00e9n colombiano, Imer Machado.<\/p>\n<p><strong>\u00a1No olvides que puedes seguir el partido en vivo por el Rinc\u00f3n del Bulla!<\/strong><\/p>\n","protected":false},"excerpt":{"rendered":"<p>El panorama es complicado: dos semifinales, dos rivales complicados. Por un lado, la U juega en la Bombonera un important\u00edsimo partido contra Boca Juniors, por Copa Libertadores. Por otro lado, jugar\u00e1 el domingo en el estadio Monumental, sin p\u00fablico, contra Colo Colo. Pero el rival que hoy importa, seg\u00fan nos ha inculcado Jorge Sampaoli, es [&#8230;]<\/p>\n","protected":false},"author":61,"featured_media":4643,"comment_status":"open","ping_status":"open","sticky":false,"template":"","format":"standard","meta":{"footnotes":""},"categories":[18],"tags":[454,95,37],"class_list":{"0":"post-3035","1":"post","2":"type-post","3":"status-publish","4":"format-standard","5":"has-post-thumbnail","7":"category-actualidad","8":"tag-actualidad","9":"tag-copa-libertadores-2012","10":"tag-la-previa"},"_links":{"self":[{"href":"http:\/\/www.rincondelbulla.cl\/portal\/wp-json\/wp\/v2\/posts\/3035","targetHints":{"allow":["GET"]}}],"collection":[{"href":"http:\/\/www.rincondelbulla.cl\/portal\/wp-json\/wp\/v2\/posts"}],"about":[{"href":"http:\/\/www.rincondelbulla.cl\/portal\/wp-json\/wp\/v2\/types\/post"}],"author":[{"embeddable":true,"href":"http:\/\/www.rincondelbulla.cl\/portal\/wp-json\/wp\/v2\/users\/61"}],"replies":[{"embeddable":true,"href":"http:\/\/www.rincondelbulla.cl\/portal\/wp-json\/wp\/v2\/comments?post=3035"}],"version-history":[{"count":0,"href":"http:\/\/www.rincondelbulla.cl\/portal\/wp-json\/wp\/v2\/posts\/3035\/revisions"}],"wp:featuredmedia":[{"embeddable":true,"href":"http:\/\/www.rincondelbulla.cl\/portal\/wp-json\/wp\/v2\/media\/4643"}],"wp:attachment":[{"href":"http:\/\/www.rincondelbulla.cl\/portal\/wp-json\/wp\/v2\/media?parent=3035"}],"wp:term":[{"taxonomy":"category","embeddable":true,"href":"http:\/\/www.rincondelbulla.cl\/portal\/wp-json\/wp\/v2\/categories?post=3035"},{"taxonomy":"post_tag","embeddable":true,"href":"http:\/\/www.rincondelbulla.cl\/portal\/wp-json\/wp\/v2\/tags?post=3035"}],"curies":[{"name":"wp","href":"https:\/\/api.w.org\/{rel}","templated":true}]}}