{"id":3036,"date":"2012-06-14T12:07:06","date_gmt":"2012-06-14T12:07:06","guid":{"rendered":"http:\/\/www.rincondelbulla.cl\/portal\/?p=3036"},"modified":"2012-06-14T12:07:06","modified_gmt":"2012-06-14T12:07:06","slug":"los-esfuerzos-de-los-hinchas-azules-para-ver-a-su-equipo-en-la-bombonera","status":"publish","type":"post","link":"http:\/\/www.rincondelbulla.cl\/portal\/2012\/06\/14\/los-esfuerzos-de-los-hinchas-azules-para-ver-a-su-equipo-en-la-bombonera\/","title":{"rendered":"Los esfuerzos de los hinchas azules para ver a su equipo en la Bombonera"},"content":{"rendered":"<figure id=\"attachment_4644\" aria-describedby=\"caption-attachment-4644\" style=\"width: 700px\" class=\"wp-caption alignnone\"><img loading=\"lazy\" decoding=\"async\" class=\" size-full wp-image-4644\" src=\"http:\/\/www.rincondelbulla.cl\/portal\/wp-content\/uploads\/2012\/06\/bcc064ececdee2468d81cc62d93fd784.jpg\" alt=\"Foto: Claudio C\u00e1ceres\" class=\"caption\" title=\"Los esfuerzos de los hinchas azules para ver a su equipo en la Bombonera\" width=\"700\" height=\"396\" srcset=\"http:\/\/www.rincondelbulla.cl\/portal\/wp-content\/uploads\/2012\/06\/bcc064ececdee2468d81cc62d93fd784.jpg 700w, http:\/\/www.rincondelbulla.cl\/portal\/wp-content\/uploads\/2012\/06\/bcc064ececdee2468d81cc62d93fd784-300x170.jpg 300w, http:\/\/www.rincondelbulla.cl\/portal\/wp-content\/uploads\/2012\/06\/bcc064ececdee2468d81cc62d93fd784-696x394.jpg 696w\" sizes=\"auto, (max-width: 700px) 100vw, 700px\" \/><figcaption id=\"caption-attachment-4644\" class=\"wp-caption-text\">Los esfuerzos de los hinchas azules para ver a su equipo en la Bombonera<\/figcaption><\/figure>\n<p><strong>Viajaron con poco dinero y pasaron la noche en la calle a la espera del duelo por la Copa Libertadores.<\/strong> <!--more--> Alejandro, de 23 a\u00f1os,vendi\u00f3 su reproductor de m\u00fasica port\u00e1til, un par de camisetas de la \u201cU\u201d de sus amores y pag\u00f3 en tres cuotas el viaje a Buenos Aires en avi\u00f3n. Y le alcanz\u00f3 justo. Lleg\u00f3 el ayer a la capital argentina y no tiene donde dormir. Convirti\u00e9ndose en uno de los doscientos hinchas azules que pernoct\u00f3 anoche en el Obelisco, cl\u00e1sico hito trasandino encargado de recordar el primer izamiento de la bandera nacional de Argentina.<\/p>\n<p>\u00abLo que m\u00e1s me duele es haber vendido las camisetas. Una era la del 96\u2019, del \u201cMatador\u201d Salas, cuando llegamos a la semifinal de la Libertadores con River. Pero no me quedaba otra, ten\u00eda que venir porque estoy seguro de que este partido quedar\u00e1 en la historia porque la \u00abU\u00bb va a ganar en La Bombonera\u00bb, confiesa con una cerveza en la mano Alejandro, en la calurosa y h\u00fameda tarde-noche bonaerense.<\/p>\n<p>Se esperaba un frente lluvioso para ayer, pero por suerte para Alejandro y el resto de los alrededor de 200 seguidores azules que matan el tiempo en la intersecci\u00f3n de la avenida 9 de julio y Corrientes, la lluvia se convirti\u00f3 en calor y humedad. Ideal para una cerveza.<\/p>\n<p>La polic\u00eda los mira. De reojo. Saben que beben, pero no dicen nada porque \u00abestamos acostumbrados. Siempre que dan partidos as\u00ed, pasa esto. Y si nos ponemos a corretearlos es peor. Lo \u00fanico que quieren es que llegue luego el partido. No son malos. Mejor no provocarlos\u00bb, confiesa un transpirado polic\u00eda federal de la guardia nacional de infanter\u00eda, s\u00edmil a un carabinero de Fuerzas Especiales en Chile y que sufre con lo sobrecargado de su indumentaria.<\/p>\n<p>Cerca de las 18 horas se comenzaron a acumular los hinchas azules que, con c\u00e1nticos, llamaban la atenci\u00f3n de los bonaerenses y de la televisi\u00f3n local. Algunos no sab\u00edan qu\u00e9 pasaba. Un taxista ocupa su radio y le pregunta a la central de taxis si hab\u00eda una nueva protesta. Com\u00fan en los \u00faltimos d\u00edas por temor a una nueva debacle econ\u00f3mica. Pero la pregunta encuentra una respuesta poco amable del otro lado: \u00ab\u00a1Son los chilenos de la \u00abU\u00bb, gil! \u00bfEn qu\u00e9 mundo \u2018viv\u00eds\u2019? Juegan ma\u00f1ana con Boca\u00bb, le responde el encargado de guiar a los taxis. \u201cEs \u2018Bostero\u2019 y no lo dejaron ir a la cancha ma\u00f1ana. No me la perdon\u00f3\u201d, cuenta el taxista.<\/p>\n<p>Uno de los reporteros que registraba el momento para el noticiario se acerca a uno de los hinchas chilenos y le pregunta en medio de las gotas que se dejaron caer a eso de las 21 horas: \u201c\u00bfUn pr\u00f3nostico?\u201d. Y el barrista azul le responde: \u201cQuerer devolverme a mi casa. Pero seguro que con los tres puntos\u201d.<\/p>\n<p><strong>Fuente:<\/strong> La Tercera<\/p>\n","protected":false},"excerpt":{"rendered":"<p>Viajaron con poco dinero y pasaron la noche en la calle a la espera del duelo por la Copa Libertadores.<\/p>\n","protected":false},"author":1,"featured_media":4644,"comment_status":"open","ping_status":"open","sticky":false,"template":"","format":"standard","meta":{"footnotes":""},"categories":[18],"tags":[454,95],"class_list":{"0":"post-3036","1":"post","2":"type-post","3":"status-publish","4":"format-standard","5":"has-post-thumbnail","7":"category-actualidad","8":"tag-actualidad","9":"tag-copa-libertadores-2012"},"_links":{"self":[{"href":"http:\/\/www.rincondelbulla.cl\/portal\/wp-json\/wp\/v2\/posts\/3036","targetHints":{"allow":["GET"]}}],"collection":[{"href":"http:\/\/www.rincondelbulla.cl\/portal\/wp-json\/wp\/v2\/posts"}],"about":[{"href":"http:\/\/www.rincondelbulla.cl\/portal\/wp-json\/wp\/v2\/types\/post"}],"author":[{"embeddable":true,"href":"http:\/\/www.rincondelbulla.cl\/portal\/wp-json\/wp\/v2\/users\/1"}],"replies":[{"embeddable":true,"href":"http:\/\/www.rincondelbulla.cl\/portal\/wp-json\/wp\/v2\/comments?post=3036"}],"version-history":[{"count":0,"href":"http:\/\/www.rincondelbulla.cl\/portal\/wp-json\/wp\/v2\/posts\/3036\/revisions"}],"wp:featuredmedia":[{"embeddable":true,"href":"http:\/\/www.rincondelbulla.cl\/portal\/wp-json\/wp\/v2\/media\/4644"}],"wp:attachment":[{"href":"http:\/\/www.rincondelbulla.cl\/portal\/wp-json\/wp\/v2\/media?parent=3036"}],"wp:term":[{"taxonomy":"category","embeddable":true,"href":"http:\/\/www.rincondelbulla.cl\/portal\/wp-json\/wp\/v2\/categories?post=3036"},{"taxonomy":"post_tag","embeddable":true,"href":"http:\/\/www.rincondelbulla.cl\/portal\/wp-json\/wp\/v2\/tags?post=3036"}],"curies":[{"name":"wp","href":"https:\/\/api.w.org\/{rel}","templated":true}]}}