{"id":3038,"date":"2012-06-14T17:59:30","date_gmt":"2012-06-14T17:59:30","guid":{"rendered":"http:\/\/www.rincondelbulla.cl\/portal\/?p=3038"},"modified":"2012-06-14T17:59:30","modified_gmt":"2012-06-14T17:59:30","slug":"fotos-el-obelisco-se-tino-de-azul-en-la-previa-del-choque-ante-boca","status":"publish","type":"post","link":"http:\/\/www.rincondelbulla.cl\/portal\/2012\/06\/14\/fotos-el-obelisco-se-tino-de-azul-en-la-previa-del-choque-ante-boca\/","title":{"rendered":"Fotos: El obelisco se ti\u00f1\u00f3 de azul en la previa del choque ante Boca"},"content":{"rendered":"<figure id=\"attachment_4646\" aria-describedby=\"caption-attachment-4646\" style=\"width: 700px\" class=\"wp-caption alignnone\"><img loading=\"lazy\" decoding=\"async\" class=\" size-full wp-image-4646\" src=\"http:\/\/www.rincondelbulla.cl\/portal\/wp-content\/uploads\/2012\/06\/7f8135b0353f21e40222c95b42adffdc.jpg\" alt=\"Foto: BiobioChile Deportes\" class=\"caption\" title=\"El obelisco se ti\u00f1\u00f3 de azul\" width=\"700\" height=\"396\" srcset=\"http:\/\/www.rincondelbulla.cl\/portal\/wp-content\/uploads\/2012\/06\/7f8135b0353f21e40222c95b42adffdc.jpg 700w, http:\/\/www.rincondelbulla.cl\/portal\/wp-content\/uploads\/2012\/06\/7f8135b0353f21e40222c95b42adffdc-300x170.jpg 300w, http:\/\/www.rincondelbulla.cl\/portal\/wp-content\/uploads\/2012\/06\/7f8135b0353f21e40222c95b42adffdc-696x394.jpg 696w\" sizes=\"auto, (max-width: 700px) 100vw, 700px\" \/><figcaption id=\"caption-attachment-4646\" class=\"wp-caption-text\">El obelisco se ti\u00f1\u00f3 de azul<\/figcaption><\/figure>\n<p><strong>Los hinchas de Universidad de Chile ti\u00f1eron de azul este jueves el emblem\u00e1tico obelisco en la Capital de Buenos de Aires Argentina para la visita ante Boca Juniors, en pleito v\u00e1lido por la semifinal ida de la Copa Libertadores 2012, a disputarse a partir de las 19:15 horas en el Estadio \u2018La Bombonera\u2019 de Buenos Aires.<\/strong> <!--more--> Desde el martes empezaron a asomar los primeros hinchas del elenco universitario. El mi\u00e9rcoles ya eran m\u00e1s y este jueves son miles los que recorren las calles de la gran ciudad y han acompa\u00f1ado al equipo en las afueras del hotel de concentraci\u00f3n.<\/p>\n<p>\u00bfSon tantas las entradas disponibles para la gran cantidad de p\u00fablico que vino desde Chile? Creemos que no\u2026 Ojal\u00e1 que esto no provoque mayores problemas a la tarde.<\/p>\n<p>Los incondicionales llegan con la ilusi\u00f3n de presenciar el inicio de una serie hist\u00f3rica para el club, porque la \u2018U\u2019 nunca ha llegado a una final en esta competencia, luego de tres intentos fallidos: las semifinales de 1970, 1996 y 2010.<\/p>\n<p>{artcolorbox picasaUser=\u00bb116683337333273392215&#8243; picasaAlbum=\u00bbLaPreviaEnBuenosAires\u00bb<span style=\"color: #333333; font-family: 'lucida grande',tahoma,verdana,arial,sans-serif; line-height: 14px;\">&nbsp;previewWidth=\u00bb102&#8243; previewHeight=\u00bb68&#8243;<\/span>\/}<\/p>\n<p><strong>Fotos:<\/strong> Biobiochile Deportes<\/p>\n","protected":false},"excerpt":{"rendered":"<p>Los hinchas de Universidad de Chile ti\u00f1eron de azul este jueves el emblem\u00e1tico obelisco en la Capital de Buenos de Aires Argentina para la visita ante Boca Juniors, en pleito v\u00e1lido por la semifinal ida de la Copa Libertadores 2012, a disputarse a partir de las 19:15 horas en el Estadio \u2018La Bombonera\u2019 de Buenos [&#8230;]<\/p>\n","protected":false},"author":1,"featured_media":4646,"comment_status":"open","ping_status":"open","sticky":false,"template":"","format":"standard","meta":{"footnotes":""},"categories":[18],"tags":[454,95,47],"class_list":{"0":"post-3038","1":"post","2":"type-post","3":"status-publish","4":"format-standard","5":"has-post-thumbnail","7":"category-actualidad","8":"tag-actualidad","9":"tag-copa-libertadores-2012","10":"tag-galeria-fotografica"},"_links":{"self":[{"href":"http:\/\/www.rincondelbulla.cl\/portal\/wp-json\/wp\/v2\/posts\/3038","targetHints":{"allow":["GET"]}}],"collection":[{"href":"http:\/\/www.rincondelbulla.cl\/portal\/wp-json\/wp\/v2\/posts"}],"about":[{"href":"http:\/\/www.rincondelbulla.cl\/portal\/wp-json\/wp\/v2\/types\/post"}],"author":[{"embeddable":true,"href":"http:\/\/www.rincondelbulla.cl\/portal\/wp-json\/wp\/v2\/users\/1"}],"replies":[{"embeddable":true,"href":"http:\/\/www.rincondelbulla.cl\/portal\/wp-json\/wp\/v2\/comments?post=3038"}],"version-history":[{"count":0,"href":"http:\/\/www.rincondelbulla.cl\/portal\/wp-json\/wp\/v2\/posts\/3038\/revisions"}],"wp:featuredmedia":[{"embeddable":true,"href":"http:\/\/www.rincondelbulla.cl\/portal\/wp-json\/wp\/v2\/media\/4646"}],"wp:attachment":[{"href":"http:\/\/www.rincondelbulla.cl\/portal\/wp-json\/wp\/v2\/media?parent=3038"}],"wp:term":[{"taxonomy":"category","embeddable":true,"href":"http:\/\/www.rincondelbulla.cl\/portal\/wp-json\/wp\/v2\/categories?post=3038"},{"taxonomy":"post_tag","embeddable":true,"href":"http:\/\/www.rincondelbulla.cl\/portal\/wp-json\/wp\/v2\/tags?post=3038"}],"curies":[{"name":"wp","href":"https:\/\/api.w.org\/{rel}","templated":true}]}}