{"id":3041,"date":"2012-06-15T01:54:53","date_gmt":"2012-06-15T01:54:53","guid":{"rendered":"http:\/\/www.rincondelbulla.cl\/portal\/?p=3041"},"modified":"2012-06-15T01:54:53","modified_gmt":"2012-06-15T01:54:53","slug":"marca-personal-vs-boca-juniors","status":"publish","type":"post","link":"http:\/\/www.rincondelbulla.cl\/portal\/2012\/06\/15\/marca-personal-vs-boca-juniors\/","title":{"rendered":"Marca Personal vs. Boca Juniors"},"content":{"rendered":"<figure id=\"attachment_4649\" aria-describedby=\"caption-attachment-4649\" style=\"width: 700px\" class=\"wp-caption alignnone\"><img loading=\"lazy\" decoding=\"async\" class=\" size-full wp-image-4649\" src=\"http:\/\/www.rincondelbulla.cl\/portal\/wp-content\/uploads\/2012\/06\/a4cd28d67a388a90d27568a07a2f27e2.jpg\" alt=\"Foto: Agencia Uno\" class=\"caption\" title=\"El an\u00e1lisis uno x uno del Le\u00f3n frente a Boca\" width=\"700\" height=\"396\" srcset=\"http:\/\/www.rincondelbulla.cl\/portal\/wp-content\/uploads\/2012\/06\/a4cd28d67a388a90d27568a07a2f27e2.jpg 700w, http:\/\/www.rincondelbulla.cl\/portal\/wp-content\/uploads\/2012\/06\/a4cd28d67a388a90d27568a07a2f27e2-300x170.jpg 300w, http:\/\/www.rincondelbulla.cl\/portal\/wp-content\/uploads\/2012\/06\/a4cd28d67a388a90d27568a07a2f27e2-696x394.jpg 696w\" sizes=\"auto, (max-width: 700px) 100vw, 700px\" \/><figcaption id=\"caption-attachment-4649\" class=\"wp-caption-text\">El an\u00e1lisis uno x uno del Le\u00f3n frente a Boca<\/figcaption><\/figure>\n<p><strong>La experiencia de boca fren\u00f3 las ilusiones con la que viajo el equipo dirigido por Jorge Sampaoli. Con goles del uruguayo Sebasti\u00e1n Silva y Jos\u00e9 Sanch\u00e9z Mi\u00f1o los bosteros pusieron un pie en la final de la Copa Libertadores. Sin embargo faltan 90\u2019 minutos en donde el Le\u00f3n tendr\u00e1 que demostrar por qu\u00e9 lleg\u00f3 hasta esta etapa.<\/strong> <!--more--> <strong>Johnny Herrera:<\/strong> en las anotaciones no tuvo culpa. En el gol de S\u00e1nchez Mi\u00f1o se le podr\u00eda inculpar por dar rebote, pero los que ten\u00edan que cubrir el sector derecho no aparecieron ni en las c\u00f3micas. Es m\u00e1s tuvo un tapad\u00f3n en el comienzo del segundo tiempo que pudo significar traerse un resultado m\u00e1s abultado desde Argentina. 5.0.<\/p>\n<p><strong>Jos\u00e9 Rojas:<\/strong> indudablemente jug\u00f3 a un 80%. El micro desgarro se not\u00f3 sobre todo pensando en la potencia del uruguayo Silva y Mouche. De todas maneras se las arregl\u00f3 para frenar los ataques de los bosteros. Fue el mejor del equipo de todas maneras. 5.5.<\/p>\n<p><strong>Albert Acevedo:<\/strong> como central ten\u00eda la obligaci\u00f3n de secundar a Gonz\u00e1lez y Rojas cuando fueran sobrepasados por los bosteros. En los dos goles no cumpli\u00f3 con su labor. 3.5.<\/p>\n<p><strong>Osvaldo Gonz\u00e1lez:<\/strong> fue el sector que los argentinos utilizaron para darle dolores de cabeza a la escuadra Azul. Al comienzo de los dos tiempos fue un pasadizo sin soluci\u00f3n. A las 10\u2019 del segundo no lleg\u00f3 al despeje del rebote que dio Herrera, concluyendo la jugada en el fondo del arco. 4.0.<\/p>\n<p><strong>Mat\u00edas Rodr\u00edguez:<\/strong> Tuvo un bajo partido. En su re encuentro con la Bombonera unca fue agente defensivo de peligro, como acostumbr\u00f3 a la hinchada. Fue tan bajo su partido que fue sustituido por Magalhaes. 3.5.<\/p>\n<p><strong>Charles Ar\u00e1nguiz:<\/strong> Su funci\u00f3n en el equipo es crear juego para los delanteros y ser la dupla de D\u00edaz en el desahogo. No estuvo en ninguna de sus funciones acostumbradas. 4.0.<\/p>\n<p><strong>Marcelo D\u00edaz:<\/strong> Estaba m\u00e1s preocupado de anular a Riquelme y lo hizo. El problema es que dej\u00f3 de lado la creaci\u00f3n del cuadro azul y se not\u00f3 en el tiempista que hace que la U sea un relojito. 5.0.<\/p>\n<p><strong>Eugenio Mena:<\/strong> Corri\u00f3 toda la noche por la franja por el lado izquierdo. Sin embargo no hizo da\u00f1o. Oportunidad que tuvo de llegar a l\u00ednea de fondo nunca causo descoloco a la retaguardia boquense. 4.0.<\/p>\n<p><strong>Junior Fernandes:<\/strong> Fue el que m\u00e1s intento arriba. Por momentos fue un peligro para la defensa de boca, pero la zaga de \u00e9stos tuvo un partido perfecto. 4.5.<\/p>\n<p><strong>Gustavo Lorenzetti:<\/strong> se enganch\u00f3, hizo paredes, se cambi\u00f3 de lado, etc. pero sin causar da\u00f1o. Fue reemplazado por el debutante Ubilla. 4.5.<\/p>\n<p><strong>\u00c1ngelo Her\u00edquez:<\/strong> Nunca tuvo un mano a mano con Ori\u00f3n. Aparte se encontr\u00f3 con una defensa con experiencia y s\u00f3lida que el joven delantero no pudo sobrepasar. 4.0<\/p>\n<p><strong>SUSTITUCIONES<\/strong><\/p>\n<p><strong>Pablo Magalhaes:<\/strong> Pas\u00f3 inadvertido en los minutos que entr\u00f3. Ten\u00eda la misi\u00f3n de darle dolores de cabeza a S\u00e1nchez Mi\u00f1o y no cumpli\u00f3. A esas alturas boca ya hab\u00eda entregado el control del partido y no aprovech\u00f3 de desbordar. 3,5.<\/p>\n<p><strong>Sebasti\u00e1n Ubilla:<\/strong> Entr\u00f3 con ganas. No le pes\u00f3 en nada la camiseta el poco rato que estuvo en cancha, lamentablemente las cartas estaban echadas y no tuvo acompa\u00f1antes. 4.5.<\/p>\n<p><strong>Ra\u00fal Rud\u00edaz:<\/strong> Hace rato que el peruano est\u00e1 lejos del nivel que deslumbr\u00f3 a los hinchas azules cuando lleg\u00f3 desde el pa\u00eds nortino. Su inclusi\u00f3n en la segunda tanda no sirvi\u00f3 para destrabar la cerrada defensa bostera. 3.5.<\/p>\n","protected":false},"excerpt":{"rendered":"<p>La experiencia de boca fren\u00f3 las ilusiones con la que viajo el equipo dirigido por Jorge Sampaoli. Con goles del uruguayo Sebasti\u00e1n Silva y Jos\u00e9 Sanch\u00e9z Mi\u00f1o los bosteros pusieron un pie en la final de la Copa Libertadores. Sin embargo faltan 90\u2019 minutos en donde el Le\u00f3n tendr\u00e1 que demostrar por qu\u00e9 lleg\u00f3 hasta [&#8230;]<\/p>\n","protected":false},"author":63,"featured_media":4649,"comment_status":"open","ping_status":"open","sticky":false,"template":"","format":"standard","meta":{"footnotes":""},"categories":[18],"tags":[454,95,43],"class_list":{"0":"post-3041","1":"post","2":"type-post","3":"status-publish","4":"format-standard","5":"has-post-thumbnail","7":"category-actualidad","8":"tag-actualidad","9":"tag-copa-libertadores-2012","10":"tag-marca-personal"},"_links":{"self":[{"href":"http:\/\/www.rincondelbulla.cl\/portal\/wp-json\/wp\/v2\/posts\/3041","targetHints":{"allow":["GET"]}}],"collection":[{"href":"http:\/\/www.rincondelbulla.cl\/portal\/wp-json\/wp\/v2\/posts"}],"about":[{"href":"http:\/\/www.rincondelbulla.cl\/portal\/wp-json\/wp\/v2\/types\/post"}],"author":[{"embeddable":true,"href":"http:\/\/www.rincondelbulla.cl\/portal\/wp-json\/wp\/v2\/users\/63"}],"replies":[{"embeddable":true,"href":"http:\/\/www.rincondelbulla.cl\/portal\/wp-json\/wp\/v2\/comments?post=3041"}],"version-history":[{"count":0,"href":"http:\/\/www.rincondelbulla.cl\/portal\/wp-json\/wp\/v2\/posts\/3041\/revisions"}],"wp:featuredmedia":[{"embeddable":true,"href":"http:\/\/www.rincondelbulla.cl\/portal\/wp-json\/wp\/v2\/media\/4649"}],"wp:attachment":[{"href":"http:\/\/www.rincondelbulla.cl\/portal\/wp-json\/wp\/v2\/media?parent=3041"}],"wp:term":[{"taxonomy":"category","embeddable":true,"href":"http:\/\/www.rincondelbulla.cl\/portal\/wp-json\/wp\/v2\/categories?post=3041"},{"taxonomy":"post_tag","embeddable":true,"href":"http:\/\/www.rincondelbulla.cl\/portal\/wp-json\/wp\/v2\/tags?post=3041"}],"curies":[{"name":"wp","href":"https:\/\/api.w.org\/{rel}","templated":true}]}}