{"id":3078,"date":"2012-06-24T12:12:46","date_gmt":"2012-06-24T12:12:46","guid":{"rendered":"http:\/\/www.rincondelbulla.cl\/portal\/?p=3078"},"modified":"2012-06-24T12:12:46","modified_gmt":"2012-06-24T12:12:46","slug":"la-u-buscara-revertir-el-resultado-e-instalarse-en-la-final-del-apertura","status":"publish","type":"post","link":"http:\/\/www.rincondelbulla.cl\/portal\/2012\/06\/24\/la-u-buscara-revertir-el-resultado-e-instalarse-en-la-final-del-apertura\/","title":{"rendered":"La \u2018U\u2019 buscar\u00e1 revertir el resultado e instalarse en la final del Apertura"},"content":{"rendered":"<figure id=\"attachment_4686\" aria-describedby=\"caption-attachment-4686\" style=\"width: 700px\" class=\"wp-caption alignnone\"><img loading=\"lazy\" decoding=\"async\" class=\" size-full wp-image-4686\" src=\"http:\/\/www.rincondelbulla.cl\/portal\/wp-content\/uploads\/2012\/06\/16d983dc229d1c86ae548cba58f45a7e.jpg\" alt=\"Foto: Patricio Gonz\u00e1lez\" class=\"caption\" title=\"La \u2018U\u2019 buscara revertir el resultado e instalarse en la final del Apertura\" width=\"700\" height=\"396\" srcset=\"http:\/\/www.rincondelbulla.cl\/portal\/wp-content\/uploads\/2012\/06\/16d983dc229d1c86ae548cba58f45a7e.jpg 700w, http:\/\/www.rincondelbulla.cl\/portal\/wp-content\/uploads\/2012\/06\/16d983dc229d1c86ae548cba58f45a7e-300x170.jpg 300w, http:\/\/www.rincondelbulla.cl\/portal\/wp-content\/uploads\/2012\/06\/16d983dc229d1c86ae548cba58f45a7e-696x394.jpg 696w\" sizes=\"auto, (max-width: 700px) 100vw, 700px\" \/><figcaption id=\"caption-attachment-4686\" class=\"wp-caption-text\">La \u2018U\u2019 buscara revertir el resultado e instalarse en la final del Apertura<\/figcaption><\/figure>\n<p><strong>Los azules enfrentar\u00e1n a Colo Colo este domingo (15:30), ante quienes necesitan una victoria por 2 goles para alcanzar la final del Torneo.<\/strong> <!--more--> Universidad de Chile buscar\u00e1 este domingo el paso a la gran final del Campeonato de Apertura, cuando se enfrente por la semifinal de vuelta ante Colo Colo en el Estadio Nacional. Los albos llegan con una ventaja de 2 goles, pero la \u201cU\u201d espera aprovechar el apoyo de su hinchada para dar vuelta la historia.<\/p>\n<p>El equipo de Jorge Sampaoli viene de quedar eliminado en Copa Libertadores, en el que fue un golpe duro para el plantel. Adem\u00e1s, no podr\u00e1 contar con Albert Acevedo y Gustavo Lorenzetti, quienes se encuentran lesionados. Si bien no se ha confirmado la alineaci\u00f3n titular, ser\u00eda la misma que jug\u00f3 ante Boca Juniors en el Estadio Nacional.<\/p>\n<p>Colo Colo en tanto sufrir\u00e1 3 bajas importantes, ya que Esteban Paredes, Rafael Caroca y \u00c1lvaro Orme\u00f1o est\u00e1n suspendidos. Adem\u00e1s, Mauro Olivi present\u00f3 molestias durante los entrenamientos de la semana, y solo ser\u00e1 confirmado en el once titular el d\u00eda del partido.<\/p>\n<p>El compromiso se disputar\u00e1 este domingo, a las 15:30 horas en el Estadio Nacional, y contar\u00e1 con el arbitraje de Enrique Osses.<\/p>\n","protected":false},"excerpt":{"rendered":"<p>Los azules enfrentar\u00e1n a Colo Colo este domingo (15:30), ante quienes necesitan una victoria por 2 goles para alcanzar la final del Torneo.<\/p>\n","protected":false},"author":1,"featured_media":4686,"comment_status":"open","ping_status":"open","sticky":false,"template":"","format":"standard","meta":{"footnotes":""},"categories":[18],"tags":[454,94,37,44],"class_list":{"0":"post-3078","1":"post","2":"type-post","3":"status-publish","4":"format-standard","5":"has-post-thumbnail","7":"category-actualidad","8":"tag-actualidad","9":"tag-apertura-2012","10":"tag-la-previa","11":"tag-superclasico"},"_links":{"self":[{"href":"http:\/\/www.rincondelbulla.cl\/portal\/wp-json\/wp\/v2\/posts\/3078","targetHints":{"allow":["GET"]}}],"collection":[{"href":"http:\/\/www.rincondelbulla.cl\/portal\/wp-json\/wp\/v2\/posts"}],"about":[{"href":"http:\/\/www.rincondelbulla.cl\/portal\/wp-json\/wp\/v2\/types\/post"}],"author":[{"embeddable":true,"href":"http:\/\/www.rincondelbulla.cl\/portal\/wp-json\/wp\/v2\/users\/1"}],"replies":[{"embeddable":true,"href":"http:\/\/www.rincondelbulla.cl\/portal\/wp-json\/wp\/v2\/comments?post=3078"}],"version-history":[{"count":0,"href":"http:\/\/www.rincondelbulla.cl\/portal\/wp-json\/wp\/v2\/posts\/3078\/revisions"}],"wp:featuredmedia":[{"embeddable":true,"href":"http:\/\/www.rincondelbulla.cl\/portal\/wp-json\/wp\/v2\/media\/4686"}],"wp:attachment":[{"href":"http:\/\/www.rincondelbulla.cl\/portal\/wp-json\/wp\/v2\/media?parent=3078"}],"wp:term":[{"taxonomy":"category","embeddable":true,"href":"http:\/\/www.rincondelbulla.cl\/portal\/wp-json\/wp\/v2\/categories?post=3078"},{"taxonomy":"post_tag","embeddable":true,"href":"http:\/\/www.rincondelbulla.cl\/portal\/wp-json\/wp\/v2\/tags?post=3078"}],"curies":[{"name":"wp","href":"https:\/\/api.w.org\/{rel}","templated":true}]}}