{"id":3079,"date":"2012-06-24T21:42:10","date_gmt":"2012-06-24T21:42:10","guid":{"rendered":"http:\/\/www.rincondelbulla.cl\/portal\/?p=3079"},"modified":"2012-06-24T21:42:10","modified_gmt":"2012-06-24T21:42:10","slug":"la-u-goleo-a-colo-colo-en-semis-y-va-en-busca-del-tricampeonato","status":"publish","type":"post","link":"http:\/\/www.rincondelbulla.cl\/portal\/2012\/06\/24\/la-u-goleo-a-colo-colo-en-semis-y-va-en-busca-del-tricampeonato\/","title":{"rendered":"La \u2018U\u2019 gole\u00f3 a Colo Colo en semis y va en busca del Tricampeonato"},"content":{"rendered":"<figure id=\"attachment_4687\" aria-describedby=\"caption-attachment-4687\" style=\"width: 700px\" class=\"wp-caption alignnone\"><img loading=\"lazy\" decoding=\"async\" class=\" size-full wp-image-4687\" src=\"http:\/\/www.rincondelbulla.cl\/portal\/wp-content\/uploads\/2012\/06\/52471a78b8a2a48c90c8c9b034d1d945.jpg\" alt=\"Foto: Agencia Uno\" class=\"caption\" title=\"La \u2018U\u2019 va en busca de su primer tricampeonato nacional\" width=\"700\" height=\"396\" srcset=\"http:\/\/www.rincondelbulla.cl\/portal\/wp-content\/uploads\/2012\/06\/52471a78b8a2a48c90c8c9b034d1d945.jpg 700w, http:\/\/www.rincondelbulla.cl\/portal\/wp-content\/uploads\/2012\/06\/52471a78b8a2a48c90c8c9b034d1d945-300x170.jpg 300w, http:\/\/www.rincondelbulla.cl\/portal\/wp-content\/uploads\/2012\/06\/52471a78b8a2a48c90c8c9b034d1d945-696x394.jpg 696w\" sizes=\"auto, (max-width: 700px) 100vw, 700px\" \/><figcaption id=\"caption-attachment-4687\" class=\"wp-caption-text\">La \u2018U\u2019 va en busca de su primer tricampeonato nacional<\/figcaption><\/figure>\n<p><strong>Los dirigidos por Jorge Sampaoli volvieron a mostrar el nivel al que nos ten\u00edan acostumbrados y en semifinales gole\u00f3 por 4-0 a un conjunto albo que jam\u00e1s fue oposici\u00f3n ante el poder\u00edo azul que cont\u00f3, nuevamente, con la figura excluyente de Junior Fern\u00e1ndes. Ahora la Gloriosa jugar\u00e1 la gran final del Apertura ante O\u2019higgins.<\/strong> <!--more--> <strong>Escrito por:<\/strong> Javier S\u00e1nchez<\/p>\n<p>No era una tarea f\u00e1cil la Gloriosa Universidad de Chile. En la semifinal de ida, Colo Colo sac\u00f3 una respetable ventaja imponi\u00e9ndose por 2-0; a\u00fan quedaba el recuerdo de la dolorosa eliminaci\u00f3n de Copa Libertadores en mano de Boca Juniors y; contaba con bajas importantes por lesi\u00f3n \u2013Albert Acevedo, Gustavo Lorenzetti y Osvaldo Gonz\u00e1lez-. Con eso en contra, los azules deb\u00edan resarcirse y curar las heridas. Sin embargo, como se sabe, para el Le\u00f3n no existen imposibles y hoy no fue excepci\u00f3n: derrot\u00f3 sin apelaci\u00f3n por 4-0 a los albos en el Estadio Nacional y se instal\u00f3 en la gran final del Campeonato de Apertura.<\/p>\n<p>En el primer tiempo, el le\u00f3n marc\u00f3 diferencias desde un principio. A pesar de haber entrado con algo de nerviosismo \u2013hubo un tiro en el palo de Rabello reci\u00e9n iniciado el encuentro-, los dirigidos por Jorge Sampaoli supieron tomarle la mano al cotejo. Era fundamental abrir la cuenta en los primeros minutos para que Colo Colo saliera y encontrar m\u00e1s espacios e ir en busca de los anhelados goles, tan esquivos en los \u00faltimos partidos.<\/p>\n<p>Y as\u00ed fue: Paulo Magalhaes lanz\u00f3 un centro que lleg\u00f3 a la entrada del \u00e1rea que encontr\u00f3 a Charles Ar\u00e1nguiz quien se la baj\u00f3 con el pecho a Angelo Henriquez quien resolvi\u00f3 en el minuto siete con un derechazo cruzado rasante que dej\u00f3 sin opci\u00f3n a Renny Vega.<\/p>\n<p>El segundo no tard\u00f3 mucho en llegar. En el \u201920 Marcelo D\u00edaz sirvi\u00f3 un c\u00f3rner desde el sector derecho que encontr\u00f3 la cabeza de Junior Fern\u00e1ndes quien gan\u00f3 en el brinco ante una p\u00e9sima salida de Vega.<\/p>\n<p>Aunque el 2-0 aseguraba la clasificaci\u00f3n, hab\u00eda que liquidar el cotejo en el complemento. Los albos contaron con algunas ocasiones, pero la siempre buena actuaci\u00f3n de Herrera en el arco. Junior, que no hab\u00eda andado bien en los \u00faltimos partidos, respondi\u00f3 como se espera de \u00e9l. Marc\u00f3 el tercero en el \u201982 con una excelente definici\u00f3n de derecha al palo m\u00e1s lejano de Vega. Y puso la l\u00e1pida a los 89\u2019 tras una jugada preparada de D\u00edaz que encontr\u00f3 solo a Fern\u00e1ndez en el \u00e1rea chica y con una potente volea dej\u00f3 sin opci\u00f3n al arquero albo.<\/p>\n<p>Los azules mostraron otra cara ante un Colo Colo que jam\u00e1s fue una clara oposici\u00f3n. Volvi\u00f3 a ser ese equipo s\u00f3lido en lo colectivo y con figuras individuales que pueden ganar partidos. Volvi\u00f3 el equipo que propone y sale a ganar en todos lados. Volvi\u00f3, con todas sus luces, el mejor equipo de Chile.<\/p>\n<p>Sin chances en la Copa Libertadores, a la U s\u00f3lo le queda luchar por el tricampeonato y as\u00ed se lo jurament\u00f3 el plantel. En la final tendr\u00e1 en frente O\u2019higgins de Rancagua, segundo en la tabla regular detr\u00e1s de la Gloriosa.<\/p>\n","protected":false},"excerpt":{"rendered":"<p>Los dirigidos por Jorge Sampaoli volvieron a mostrar el nivel al que nos ten\u00edan acostumbrados y en semifinales gole\u00f3 por 4-0 a un conjunto albo que jam\u00e1s fue oposici\u00f3n ante el poder\u00edo azul que cont\u00f3, nuevamente, con la figura excluyente de Junior Fern\u00e1ndes. Ahora la Gloriosa jugar\u00e1 la gran final del Apertura ante O\u2019higgins.<\/p>\n","protected":false},"author":1,"featured_media":4687,"comment_status":"open","ping_status":"open","sticky":false,"template":"","format":"standard","meta":{"footnotes":""},"categories":[18],"tags":[454,94,44],"class_list":{"0":"post-3079","1":"post","2":"type-post","3":"status-publish","4":"format-standard","5":"has-post-thumbnail","7":"category-actualidad","8":"tag-actualidad","9":"tag-apertura-2012","10":"tag-superclasico"},"_links":{"self":[{"href":"http:\/\/www.rincondelbulla.cl\/portal\/wp-json\/wp\/v2\/posts\/3079","targetHints":{"allow":["GET"]}}],"collection":[{"href":"http:\/\/www.rincondelbulla.cl\/portal\/wp-json\/wp\/v2\/posts"}],"about":[{"href":"http:\/\/www.rincondelbulla.cl\/portal\/wp-json\/wp\/v2\/types\/post"}],"author":[{"embeddable":true,"href":"http:\/\/www.rincondelbulla.cl\/portal\/wp-json\/wp\/v2\/users\/1"}],"replies":[{"embeddable":true,"href":"http:\/\/www.rincondelbulla.cl\/portal\/wp-json\/wp\/v2\/comments?post=3079"}],"version-history":[{"count":0,"href":"http:\/\/www.rincondelbulla.cl\/portal\/wp-json\/wp\/v2\/posts\/3079\/revisions"}],"wp:featuredmedia":[{"embeddable":true,"href":"http:\/\/www.rincondelbulla.cl\/portal\/wp-json\/wp\/v2\/media\/4687"}],"wp:attachment":[{"href":"http:\/\/www.rincondelbulla.cl\/portal\/wp-json\/wp\/v2\/media?parent=3079"}],"wp:term":[{"taxonomy":"category","embeddable":true,"href":"http:\/\/www.rincondelbulla.cl\/portal\/wp-json\/wp\/v2\/categories?post=3079"},{"taxonomy":"post_tag","embeddable":true,"href":"http:\/\/www.rincondelbulla.cl\/portal\/wp-json\/wp\/v2\/tags?post=3079"}],"curies":[{"name":"wp","href":"https:\/\/api.w.org\/{rel}","templated":true}]}}