{"id":3081,"date":"2012-06-24T22:17:17","date_gmt":"2012-06-24T22:17:17","guid":{"rendered":"http:\/\/www.rincondelbulla.cl\/portal\/?p=3081"},"modified":"2012-06-24T22:17:17","modified_gmt":"2012-06-24T22:17:17","slug":"sampaoli-valora-paso-a-la-final-lo-dimos-vuelta-con-mucha-grandeza","status":"publish","type":"post","link":"http:\/\/www.rincondelbulla.cl\/portal\/2012\/06\/24\/sampaoli-valora-paso-a-la-final-lo-dimos-vuelta-con-mucha-grandeza\/","title":{"rendered":"Sampaoli valora paso a la final: \u00abLo dimos vuelta con mucha grandeza\u00bb"},"content":{"rendered":"<figure id=\"attachment_4689\" aria-describedby=\"caption-attachment-4689\" style=\"width: 700px\" class=\"wp-caption alignnone\"><img loading=\"lazy\" decoding=\"async\" class=\" size-full wp-image-4689\" src=\"http:\/\/www.rincondelbulla.cl\/portal\/wp-content\/uploads\/2012\/06\/202847f166f4127bb1a6a383ea297fcf.jpg\" alt=\"Foto: Agencia Uno\" class=\"caption\" title=\"Dar vuelta esta serie 2-0... eso habla de un grupo que la 'U' va a recordar por mucho tiempo\", dijo Sampaoli\" width=\"700\" height=\"396\" srcset=\"http:\/\/www.rincondelbulla.cl\/portal\/wp-content\/uploads\/2012\/06\/202847f166f4127bb1a6a383ea297fcf.jpg 700w, http:\/\/www.rincondelbulla.cl\/portal\/wp-content\/uploads\/2012\/06\/202847f166f4127bb1a6a383ea297fcf-300x170.jpg 300w, http:\/\/www.rincondelbulla.cl\/portal\/wp-content\/uploads\/2012\/06\/202847f166f4127bb1a6a383ea297fcf-696x394.jpg 696w\" sizes=\"auto, (max-width: 700px) 100vw, 700px\" \/><figcaption id=\"caption-attachment-4689\" class=\"wp-caption-text\">Dar vuelta esta serie 2-0&#8230; eso habla de un grupo que la &#8216;U&#8217; va a recordar por mucho tiempo<\/figcaption><\/figure>\n<p><strong>El entrenador azul asever\u00f3 que, tras la eliminaci\u00f3n de la Libertadores, dar vuelta el 0-2 ante Colo Colo es algo que ser\u00e1 recordado por mucho tiempo.<\/strong> <!--more--> Tras instalar en una nueva final local a Universidad de Chile, el entrenador de Universidad de Chile, Jorge Sampaoli, valor\u00f3 haber eliminado a Colo Colo despu\u00e9s de revertir el 0-2 ante los albos en la ida y tras la reciente eliminaci\u00f3n de Copa Libertadores ante Boca Juniors.<\/p>\n<p>\u00abNosotros ven\u00edamos de jugar un partido intenso ante Boca, perder, pero el equipo marca esa diferencia. Dar vuelta esta serie 2-0&#8230; eso habla de un grupo que la &#8216;U&#8217; va a recordar por mucho tiempo\u00bb, dijo Sampaoli.<\/p>\n<p>A juicio de Sampaoli, la clasificacion azul a la final \u00abhabla a las claras que, contra todas las condicionantes que hemos tenido, realmente valorizamos muchos el hecho de estar en la final, con todas las trabas\u00bb.<\/p>\n<p>Ahondando en lo anterior, sostuvo que las trabas se dan \u00aben la preparaci\u00f3n, en el calendario -a mi juicio por la mala organizaci\u00f3n del torneo-, pero pese a ello el equipo est\u00e1 en la final\u00bb.<\/p>\n<p>\u00abHoy ten\u00edamos que dar vuelta un 2-0 contra un rival que ven\u00eda levantando, y el equipo lo dio vuelta con mucha grandeza\u00bb, manifest\u00f3 el entrenador.<\/p>\n<p>Con respecto al partido, Sampaoli asegur\u00f3 que \u00abno estuvimos en riesgo\u00bb.<\/p>\n<p>\u00abColo Colo no gener\u00f3 chances de gol. Si hubieran sido claras&#8230; estuvimos imprecisos en el pase final entre los 10 y 30 minutos del segundo tiempo, donde ten\u00edamos que haber aprovechado la superioridad\u00bb, afirm\u00f3.<\/p>\n<p><strong>La final contra O&#8217;Higgins<\/strong><\/p>\n<p>Consultado Sampaoli si ser\u00e1 especial enfrentar a O&#8217;Higgins -su ex equipo-, el entrenador asegur\u00f3 que no es. \u00abEs una final contra un buen equipo, que ha hecho una buena campa\u00f1a\u00bb.<\/p>\n<p>\u00abVa a ser muy complicado. Tenemos que prepararnos en estos d\u00edas para un partido ultra dif\u00edcil, pero esto nos pone a tono y nos ilusiona con la posibilidad de salir tetracampe\u00f3n\u00bb, agreg\u00f3.<\/p>\n<p>\u00abOjal\u00e1 el equipo tenga la chance de ser campe\u00f3n. Yo s\u00f3lo pienso en eso\u00bb, puntualiz\u00f3.<\/p>\n<p><strong>Fuente:<\/strong> La Tercera<\/p>\n","protected":false},"excerpt":{"rendered":"<p>El entrenador azul asever\u00f3 que, tras la eliminaci\u00f3n de la Libertadores, dar vuelta el 0-2 ante Colo Colo es algo que ser\u00e1 recordado por mucho tiempo.<\/p>\n","protected":false},"author":1,"featured_media":4689,"comment_status":"open","ping_status":"open","sticky":false,"template":"","format":"standard","meta":{"footnotes":""},"categories":[18],"tags":[454,94,40,44],"class_list":{"0":"post-3081","1":"post","2":"type-post","3":"status-publish","4":"format-standard","5":"has-post-thumbnail","7":"category-actualidad","8":"tag-actualidad","9":"tag-apertura-2012","10":"tag-jorge-sampaoli","11":"tag-superclasico"},"_links":{"self":[{"href":"http:\/\/www.rincondelbulla.cl\/portal\/wp-json\/wp\/v2\/posts\/3081","targetHints":{"allow":["GET"]}}],"collection":[{"href":"http:\/\/www.rincondelbulla.cl\/portal\/wp-json\/wp\/v2\/posts"}],"about":[{"href":"http:\/\/www.rincondelbulla.cl\/portal\/wp-json\/wp\/v2\/types\/post"}],"author":[{"embeddable":true,"href":"http:\/\/www.rincondelbulla.cl\/portal\/wp-json\/wp\/v2\/users\/1"}],"replies":[{"embeddable":true,"href":"http:\/\/www.rincondelbulla.cl\/portal\/wp-json\/wp\/v2\/comments?post=3081"}],"version-history":[{"count":0,"href":"http:\/\/www.rincondelbulla.cl\/portal\/wp-json\/wp\/v2\/posts\/3081\/revisions"}],"wp:featuredmedia":[{"embeddable":true,"href":"http:\/\/www.rincondelbulla.cl\/portal\/wp-json\/wp\/v2\/media\/4689"}],"wp:attachment":[{"href":"http:\/\/www.rincondelbulla.cl\/portal\/wp-json\/wp\/v2\/media?parent=3081"}],"wp:term":[{"taxonomy":"category","embeddable":true,"href":"http:\/\/www.rincondelbulla.cl\/portal\/wp-json\/wp\/v2\/categories?post=3081"},{"taxonomy":"post_tag","embeddable":true,"href":"http:\/\/www.rincondelbulla.cl\/portal\/wp-json\/wp\/v2\/tags?post=3081"}],"curies":[{"name":"wp","href":"https:\/\/api.w.org\/{rel}","templated":true}]}}