{"id":3102,"date":"2012-07-02T22:51:01","date_gmt":"2012-07-02T22:51:01","guid":{"rendered":"http:\/\/www.rincondelbulla.cl\/portal\/?p=3102"},"modified":"2012-07-02T22:51:01","modified_gmt":"2012-07-02T22:51:01","slug":"diaz-y-el-tri-estamos-viviendo-un-sueno","status":"publish","type":"post","link":"http:\/\/www.rincondelbulla.cl\/portal\/2012\/07\/02\/diaz-y-el-tri-estamos-viviendo-un-sueno\/","title":{"rendered":"D\u00edaz y el &#8216;Tri&#8217;: \u00abEstamos viviendo un sue\u00f1o\u00bb"},"content":{"rendered":"<img loading=\"lazy\" decoding=\"async\" class=\" size-full wp-image-4710\" src=\"http:\/\/www.rincondelbulla.cl\/portal\/wp-content\/uploads\/2012\/07\/6eee54acabafb55700da2aa842894d9e.jpg\" alt=\"Foto: Claudio C\u00e1ceres\" class=\"caption\" title=\"\"Me voy en la gloria con un tricampeonato, no fue f\u00e1cil\" se\u00f1al\u00f3.\" width=\"700\" height=\"396\" srcset=\"http:\/\/www.rincondelbulla.cl\/portal\/wp-content\/uploads\/2012\/07\/6eee54acabafb55700da2aa842894d9e.jpg 700w, http:\/\/www.rincondelbulla.cl\/portal\/wp-content\/uploads\/2012\/07\/6eee54acabafb55700da2aa842894d9e-300x170.jpg 300w, http:\/\/www.rincondelbulla.cl\/portal\/wp-content\/uploads\/2012\/07\/6eee54acabafb55700da2aa842894d9e-696x394.jpg 696w\" sizes=\"auto, (max-width: 700px) 100vw, 700px\" \/>\n<p><strong>El volante destac\u00f3 el hist\u00f3rico t\u00edtulo conseguido por Universidad de Chile, agregando que no fue f\u00e1cil por el buen juego que despleg\u00f3 O&#8217;Higgins. Fernandes y Ar\u00e1nguiz, en tanto, reconocieron que fue un justo premio por el esfuerzo que hicieron durante el semestre.<\/strong> <!--more--> Si no cuesta no vale. As\u00ed declararon a mitad de semana jugadores del plantel de Universidad de Chile y no pod\u00eda ser de otra forma. Cuando parec\u00eda que la final ante O&#8217;Higgins estaba perdida, lograron un gol ag\u00f3nico y luego se impusieron en la definici\u00f3n a penales, consiguiendo un tricampeonato hist\u00f3rico que sigue aumentando la leyenda del plantel actual.<\/p>\n<p>Uno que se refiri\u00f3 al t\u00edtulo fue <strong>Marcelo D\u00edaz<\/strong>, quien jug\u00f3 su \u00faltimo partido con los azules debido a que tiene cerrada su partida al Basilea. <strong>\u00abMe voy en la gloria con un tricampeonato, no fue f\u00e1cil. O&#8217;Higgins nos hizo pelear hasta el final y eso se premia al doble. Me toc\u00f3 pasar por todo ac\u00e1 en la &#8216;U&#8217;, estamos viviendo es un sue\u00f1o para todos y lo estamos aprovechando\u00bb<\/strong>, se\u00f1al\u00f3.<\/p>\n<p>Tambi\u00e9n habl\u00f3 <strong>Junior Fernandes<\/strong>, clave en el empuje sobre el final de los universitarios liderando la jugada del 2-1 de Marino en los descuentos. <strong>\u00abEs merecido por el esfuerzo que hicimos durante meses, con compa\u00f1eros dejando de lado a su familia. Cuando llegu\u00e9 ac\u00e1 quer\u00eda ganar un t\u00edtulo con la &#8216;U&#8217;, estoy muy feliz. Se me han dado las cosas s\u00faper r\u00e1pido, espero poder seguir aprovechando las oportunidades como lo he hecho hasta ahora\u00bb<\/strong>, aclar\u00f3.<\/p>\n<p>Una opini\u00f3n similar tuvo <strong>Charles Ar\u00e1nguiz<\/strong>, quien indic\u00f3 que \u00ab<strong>era un premio merecido. Nos ha costado mucho, sufrimos hasta el final. Esto es por el esfuerzo tremendo que hicimos, dejando de lado a los seres queridos. Cuando nos faltaba un gol nos quedamos sin piernas, por suerte pudimos empujar y conseguir el \u00faltimo gol. Sab\u00edamos que entrando uno pod\u00edamos hacer el segundo\u00bb<\/strong>.<\/p>\n<p>Si bien en la definici\u00f3n de penales Johnny Herrera fue el m\u00e1s determinante, otro h\u00e9roe de la jornada fue <strong>Guillermo Marino<\/strong>. El volante trasandino marc\u00f3 en los descuentos el 2-1 que le permiti\u00f3 a los azules prolongar la final hasta los penales, pero minimiz\u00f3 el aporte que tuvo su acci\u00f3n y, adem\u00e1s, reconoci\u00f3 la labor de sus compa\u00f1eros.<\/p>\n<p><strong>\u00abUno est\u00e1 tan metido en el partido que s\u00f3lo vive el presente, no pens\u00e9 en los penales. No perdimos la calma, sab\u00edamos que con un gol aumentaban la posibilidad de ganar. Me toc\u00f3 gracias a Dios convertir y luego en los penales Herrera estuvo impecable, igual que mis compa\u00f1eros a quienes les toc\u00f3 patear\u00bb<\/strong>, sentenci\u00f3 el jugador, quien tambi\u00e9n hab\u00eda anotado en la ida, en Rancagua.<\/p>\n<p><strong>Fuente:<\/strong> Prensafutbol.cl<\/p>\n","protected":false},"excerpt":{"rendered":"<p>El volante destac\u00f3 el hist\u00f3rico t\u00edtulo conseguido por Universidad de Chile, agregando que no fue f\u00e1cil por el buen juego que despleg\u00f3 O&#8217;Higgins. Fernandes y Ar\u00e1nguiz, en tanto, reconocieron que fue un justo premio por el esfuerzo que hicieron durante el semestre.<\/p>\n","protected":false},"author":1,"featured_media":4710,"comment_status":"open","ping_status":"open","sticky":false,"template":"","format":"standard","meta":{"footnotes":""},"categories":[18],"tags":[454,94,38,57,99,58],"class_list":{"0":"post-3102","1":"post","2":"type-post","3":"status-publish","4":"format-standard","5":"has-post-thumbnail","7":"category-actualidad","8":"tag-actualidad","9":"tag-apertura-2012","10":"tag-charles-aranguiz","11":"tag-guillermo-marino","12":"tag-junior-fernandes","13":"tag-marcelo-diaz"},"_links":{"self":[{"href":"http:\/\/www.rincondelbulla.cl\/portal\/wp-json\/wp\/v2\/posts\/3102","targetHints":{"allow":["GET"]}}],"collection":[{"href":"http:\/\/www.rincondelbulla.cl\/portal\/wp-json\/wp\/v2\/posts"}],"about":[{"href":"http:\/\/www.rincondelbulla.cl\/portal\/wp-json\/wp\/v2\/types\/post"}],"author":[{"embeddable":true,"href":"http:\/\/www.rincondelbulla.cl\/portal\/wp-json\/wp\/v2\/users\/1"}],"replies":[{"embeddable":true,"href":"http:\/\/www.rincondelbulla.cl\/portal\/wp-json\/wp\/v2\/comments?post=3102"}],"version-history":[{"count":0,"href":"http:\/\/www.rincondelbulla.cl\/portal\/wp-json\/wp\/v2\/posts\/3102\/revisions"}],"wp:featuredmedia":[{"embeddable":true,"href":"http:\/\/www.rincondelbulla.cl\/portal\/wp-json\/wp\/v2\/media\/4710"}],"wp:attachment":[{"href":"http:\/\/www.rincondelbulla.cl\/portal\/wp-json\/wp\/v2\/media?parent=3102"}],"wp:term":[{"taxonomy":"category","embeddable":true,"href":"http:\/\/www.rincondelbulla.cl\/portal\/wp-json\/wp\/v2\/categories?post=3102"},{"taxonomy":"post_tag","embeddable":true,"href":"http:\/\/www.rincondelbulla.cl\/portal\/wp-json\/wp\/v2\/tags?post=3102"}],"curies":[{"name":"wp","href":"https:\/\/api.w.org\/{rel}","templated":true}]}}