{"id":3108,"date":"2012-07-03T06:16:43","date_gmt":"2012-07-03T06:16:43","guid":{"rendered":"http:\/\/www.rincondelbulla.cl\/portal\/?p=3108"},"modified":"2012-07-03T06:16:43","modified_gmt":"2012-07-03T06:16:43","slug":"sampaoli-fue-la-final-mas-dura-que-hemos-ganado","status":"publish","type":"post","link":"http:\/\/www.rincondelbulla.cl\/portal\/2012\/07\/03\/sampaoli-fue-la-final-mas-dura-que-hemos-ganado\/","title":{"rendered":"Sampaoli: \u00abFue la final m\u00e1s dura que hemos ganado\u00bb"},"content":{"rendered":"<img loading=\"lazy\" decoding=\"async\" class=\" size-full wp-image-4713\" src=\"http:\/\/www.rincondelbulla.cl\/portal\/wp-content\/uploads\/2012\/07\/d34caa2ce7f04361bbd5a582194d6921.jpg\" alt=\"Foto: Claudio C\u00e1ceres\" class=\"caption\" title=\"\"fue el t\u00edtulo m\u00e1s complicado de los cuatro que hemos ganado\", se\u00f1al\u00f3\" width=\"700\" height=\"396\" srcset=\"http:\/\/www.rincondelbulla.cl\/portal\/wp-content\/uploads\/2012\/07\/d34caa2ce7f04361bbd5a582194d6921.jpg 700w, http:\/\/www.rincondelbulla.cl\/portal\/wp-content\/uploads\/2012\/07\/d34caa2ce7f04361bbd5a582194d6921-300x170.jpg 300w, http:\/\/www.rincondelbulla.cl\/portal\/wp-content\/uploads\/2012\/07\/d34caa2ce7f04361bbd5a582194d6921-696x394.jpg 696w\" sizes=\"auto, (max-width: 700px) 100vw, 700px\" \/>\n<p><strong>El entrenador de Universidad de Chile alab\u00f3 a sus jugadores por lograr dar vuelta una situaci\u00f3n tan comprometida y reconoci\u00f3 que fue la definici\u00f3n m\u00e1s complicada de los cuatro campeonatos que ha ganado con la &#8216;U&#8217;. Adem\u00e1s, asegur\u00f3 que, por ahora, sigue en el club.<\/strong> <!--more--> Desde que se fue expulsado por el \u00e1rbitro del partido, Jorge Sampaoli vivi\u00f3 la final de vuelta como un hincha m\u00e1s. Colgado de la reja, gritando a m\u00e1s no poder y celebrando cada penal anotado por sus dirigidos y fallado por el rival. M\u00e1s fr\u00edo tras haber consumado el hist\u00f3rico tricampeonato azul, el entrenador argentino reconoci\u00f3 la dificultad de esta fase decisiva.<\/p>\n<p>\u00abPor c\u00f3mo se dio, fue el t\u00edtulo m\u00e1s complicado de los cuatro que hemos ganado. Valorizamos mucho el sacrificio y la entrega de este grupo de jugadores, que son lo m\u00e1s importante que tiene este club. Hoy fue emocionante, conmovedor y ganamos una final complicada en varios aspectos\u00bb, expres\u00f3 el calvo estratego en conferencia de prensa.<\/p>\n<p>Adem\u00e1s, entreg\u00f3 la receta que le dio a sus pupilos en el entretiempo. \u00abB\u00e1sicamente, les dije que la idea era no comprometerse con el \u00e1rbitro ni pelear con el rival. La \u00fanica alternativa que ten\u00edamos era retomar el camino que nos condujo a ser respetados en Sudam\u00e9rica. Conseguimos en el final el gol que, a lo mejor, merec\u00edamos mucho antes. Pero para ellos fue traum\u00e1tico ese tanto, que nos hizo llegar mejor a los penales\u00bb, expres\u00f3 el DT, quien lleg\u00f3 al f\u00fatbol chileno justamente para dirigir a O&#8217;Higgins.<\/p>\n<p>En cuanto a la figura que tuvieron en la tanda de penales, Johnny Herrera, Sampaoli no escatim\u00f3 en elogios. \u00abLe dije a Johnny que \u00edbamos a salir campe\u00f3n gracias a su atajada a Guti\u00e9rrez en Rancagua y hoy termin\u00f3 consolidando lo grande que es. Es, a mi gusto, el mejor arquero chileno y tengo la suerte de tenerlo yo\u00bb, asegur\u00f3 el argentino.<\/p>\n<p>Otro tema que inquieta en las huestes azules es la continuidad de su director t\u00e9cnico, pretendido desde muchos lugares del mundo. \u00abMa\u00f1ana tengo una reuni\u00f3n con Jos\u00e9 Yuraszeck para planificar algunas cosas. Tengo contrato con el club, pero hay que replantear algunos aspectos\u00bb, lanz\u00f3 el trasandino, que adem\u00e1s dijo que la llegada de Ezequiel Videla, volante central de Instituto de C\u00f3rdoba, est\u00e1 encaminada, mas no definida.<\/p>\n<p><strong>Fuente:<\/strong> Prensafutbol.cl<\/p>\n","protected":false},"excerpt":{"rendered":"<p>El entrenador de Universidad de Chile alab\u00f3 a sus jugadores por lograr dar vuelta una situaci\u00f3n tan comprometida y reconoci\u00f3 que fue la definici\u00f3n m\u00e1s complicada de los cuatro campeonatos que ha ganado con la &#8216;U&#8217;. Adem\u00e1s, asegur\u00f3 que, por ahora, sigue en el club.<\/p>\n","protected":false},"author":1,"featured_media":4713,"comment_status":"open","ping_status":"open","sticky":false,"template":"","format":"standard","meta":{"footnotes":""},"categories":[18],"tags":[454,94,40],"class_list":{"0":"post-3108","1":"post","2":"type-post","3":"status-publish","4":"format-standard","5":"has-post-thumbnail","7":"category-actualidad","8":"tag-actualidad","9":"tag-apertura-2012","10":"tag-jorge-sampaoli"},"_links":{"self":[{"href":"http:\/\/www.rincondelbulla.cl\/portal\/wp-json\/wp\/v2\/posts\/3108","targetHints":{"allow":["GET"]}}],"collection":[{"href":"http:\/\/www.rincondelbulla.cl\/portal\/wp-json\/wp\/v2\/posts"}],"about":[{"href":"http:\/\/www.rincondelbulla.cl\/portal\/wp-json\/wp\/v2\/types\/post"}],"author":[{"embeddable":true,"href":"http:\/\/www.rincondelbulla.cl\/portal\/wp-json\/wp\/v2\/users\/1"}],"replies":[{"embeddable":true,"href":"http:\/\/www.rincondelbulla.cl\/portal\/wp-json\/wp\/v2\/comments?post=3108"}],"version-history":[{"count":0,"href":"http:\/\/www.rincondelbulla.cl\/portal\/wp-json\/wp\/v2\/posts\/3108\/revisions"}],"wp:featuredmedia":[{"embeddable":true,"href":"http:\/\/www.rincondelbulla.cl\/portal\/wp-json\/wp\/v2\/media\/4713"}],"wp:attachment":[{"href":"http:\/\/www.rincondelbulla.cl\/portal\/wp-json\/wp\/v2\/media?parent=3108"}],"wp:term":[{"taxonomy":"category","embeddable":true,"href":"http:\/\/www.rincondelbulla.cl\/portal\/wp-json\/wp\/v2\/categories?post=3108"},{"taxonomy":"post_tag","embeddable":true,"href":"http:\/\/www.rincondelbulla.cl\/portal\/wp-json\/wp\/v2\/tags?post=3108"}],"curies":[{"name":"wp","href":"https:\/\/api.w.org\/{rel}","templated":true}]}}