{"id":3111,"date":"2012-07-03T14:00:33","date_gmt":"2012-07-03T14:00:33","guid":{"rendered":"http:\/\/www.rincondelbulla.cl\/portal\/?p=3111"},"modified":"2012-07-03T14:00:33","modified_gmt":"2012-07-03T14:00:33","slug":"el-intimo-festejo-del-camarin-de-la-u-tras-el-historico-tricampeonato","status":"publish","type":"post","link":"http:\/\/www.rincondelbulla.cl\/portal\/2012\/07\/03\/el-intimo-festejo-del-camarin-de-la-u-tras-el-historico-tricampeonato\/","title":{"rendered":"El \u00edntimo festejo del camar\u00edn de la U tras el hist\u00f3rico tricampeonato"},"content":{"rendered":"<figure id=\"attachment_4716\" aria-describedby=\"caption-attachment-4716\" style=\"width: 700px\" class=\"wp-caption alignnone\"><img loading=\"lazy\" decoding=\"async\" class=\" size-full wp-image-4716\" src=\"http:\/\/www.rincondelbulla.cl\/portal\/wp-content\/uploads\/2012\/07\/83fba2d97f34bdc1371ee60d69f4e29e.jpg\" alt=\"Foto: Patricio Gonz\u00e1lez\" class=\"caption\" title=\"El capit\u00e1n Jos\u00e9 Rojas con la copa.\" width=\"700\" height=\"396\" srcset=\"http:\/\/www.rincondelbulla.cl\/portal\/wp-content\/uploads\/2012\/07\/83fba2d97f34bdc1371ee60d69f4e29e.jpg 700w, http:\/\/www.rincondelbulla.cl\/portal\/wp-content\/uploads\/2012\/07\/83fba2d97f34bdc1371ee60d69f4e29e-300x170.jpg 300w, http:\/\/www.rincondelbulla.cl\/portal\/wp-content\/uploads\/2012\/07\/83fba2d97f34bdc1371ee60d69f4e29e-696x394.jpg 696w\" sizes=\"auto, (max-width: 700px) 100vw, 700px\" \/><figcaption id=\"caption-attachment-4716\" class=\"wp-caption-text\">El capit\u00e1n Jos\u00e9 Rojas con la copa.<\/figcaption><\/figure>\n<p><strong>Los azules tuvieron la comida oficial en el hotel de concentraci\u00f3n que utilizaron a lo largo de todo el semestre. Discursos, brindis y palabras de parabi\u00e9n entre los miembros del plantel universitario destacaron en una noche para el recuerdo.<\/strong> <!--more--> Primer tricampeonato en la historia de Universidad de Chile. La celebraci\u00f3n ten\u00eda que estar acorde al logro obtenido por los azules este lunes, por lo que la comida oficial se llev\u00f3 a cabo en el hotel de concentraci\u00f3n de los universitarios, en la que se incluy\u00f3 a jugadores, cuerpo t\u00e9cnico, dirigentes, familiares y cercanos.<\/p>\n<p>A las 21:00 horas estaban citados todos los invitados. Uno a uno comenzaron a llegar. Los guardias del Hotel Intercontinental aprovechaban el privilegio de sacarse fotos junto a los monarcas del f\u00fatbol chileno. Y es que la comida no era para todos.<\/p>\n<p>Abrazos, carcajadas, brindis, fotograf\u00edas y m\u00fasica adorn\u00f3 el \u00edntimo festejo de la U. El mismo que se viene repitiendo en los \u00faltimos tres finales de semestre, donde se festejaron las coronas del Apertura y Clausura 2011, adem\u00e1s de la Sudamericana del mismo a\u00f1o.<\/p>\n<p>Palabras del presidente Jos\u00e9 Yurazseck hacia el plantel, Jorge Sampaoli y sus escuderos. La Copa de campe\u00f3n se exhib\u00eda a todos los presentes de fondo. Mientras, la comida era el pretexto perfecto para unir a un equipo que se notaba extenuado. Por el desgaste en la cancha y por las concentraciones.<\/p>\n<p>Los familiares fueron los que m\u00e1s gozaron, porque con la cena sintieron propio un logro que muchas veces supo del sacrificio de la distancia. Los viajes y los hoteles a veces se hac\u00edan tediosos para todos. Al final, todo vali\u00f3 un t\u00edtulo. Un tricampeonato hist\u00f3rico.<\/p>\n<p>Tambi\u00e9n hubo tiempo para despedir oficialmente a Marcelo D\u00edaz. Si bien no hab\u00eda nada especialmente preparado para el mediocampista, era la \u00faltima vez que el volante azul compart\u00eda con todo el equipo antes de embarcarse a Suiza para su nueva expedici\u00f3n futbol\u00edstica: el Basilea lo espera a inicios de la pr\u00f3xima semana para integrarse al r\u00e9gimen de su escuadra.<\/p>\n<p>De fondo y a pesar de lo avanzado del reloj y el fr\u00edo, a\u00fan se escuchaban algunos gritos de los hinchas que aguardaban en las afueras del hotel. Las bocinas tambi\u00e9n eran parte del ambiente que rodeaba el festejo \u00edntimo de los azules. El mismo que se repite por cuarta vez en un a\u00f1o. El mismo que con Sampaoli a la cabeza, los universitarios esperan repetir a fines de 2012.<\/p>\n<p><strong>Fuente:<\/strong> Emol.com<\/p>\n","protected":false},"excerpt":{"rendered":"<p>Los azules tuvieron la comida oficial en el hotel de concentraci\u00f3n que utilizaron a lo largo de todo el semestre. Discursos, brindis y palabras de parabi\u00e9n entre los miembros del plantel universitario destacaron en una noche para el recuerdo.<\/p>\n","protected":false},"author":1,"featured_media":4716,"comment_status":"open","ping_status":"open","sticky":false,"template":"","format":"standard","meta":{"footnotes":""},"categories":[18],"tags":[454,94],"class_list":{"0":"post-3111","1":"post","2":"type-post","3":"status-publish","4":"format-standard","5":"has-post-thumbnail","7":"category-actualidad","8":"tag-actualidad","9":"tag-apertura-2012"},"_links":{"self":[{"href":"http:\/\/www.rincondelbulla.cl\/portal\/wp-json\/wp\/v2\/posts\/3111","targetHints":{"allow":["GET"]}}],"collection":[{"href":"http:\/\/www.rincondelbulla.cl\/portal\/wp-json\/wp\/v2\/posts"}],"about":[{"href":"http:\/\/www.rincondelbulla.cl\/portal\/wp-json\/wp\/v2\/types\/post"}],"author":[{"embeddable":true,"href":"http:\/\/www.rincondelbulla.cl\/portal\/wp-json\/wp\/v2\/users\/1"}],"replies":[{"embeddable":true,"href":"http:\/\/www.rincondelbulla.cl\/portal\/wp-json\/wp\/v2\/comments?post=3111"}],"version-history":[{"count":0,"href":"http:\/\/www.rincondelbulla.cl\/portal\/wp-json\/wp\/v2\/posts\/3111\/revisions"}],"wp:featuredmedia":[{"embeddable":true,"href":"http:\/\/www.rincondelbulla.cl\/portal\/wp-json\/wp\/v2\/media\/4716"}],"wp:attachment":[{"href":"http:\/\/www.rincondelbulla.cl\/portal\/wp-json\/wp\/v2\/media?parent=3111"}],"wp:term":[{"taxonomy":"category","embeddable":true,"href":"http:\/\/www.rincondelbulla.cl\/portal\/wp-json\/wp\/v2\/categories?post=3111"},{"taxonomy":"post_tag","embeddable":true,"href":"http:\/\/www.rincondelbulla.cl\/portal\/wp-json\/wp\/v2\/tags?post=3111"}],"curies":[{"name":"wp","href":"https:\/\/api.w.org\/{rel}","templated":true}]}}