{"id":3113,"date":"2012-07-03T19:23:28","date_gmt":"2012-07-03T19:23:28","guid":{"rendered":"http:\/\/www.rincondelbulla.cl\/portal\/?p=3113"},"modified":"2012-07-03T19:23:28","modified_gmt":"2012-07-03T19:23:28","slug":"jose-yuraszeck-sampaoli-sigue-ya-planificamos-el-tetracampeonato","status":"publish","type":"post","link":"http:\/\/www.rincondelbulla.cl\/portal\/2012\/07\/03\/jose-yuraszeck-sampaoli-sigue-ya-planificamos-el-tetracampeonato\/","title":{"rendered":"Jos\u00e9 Yuraszeck: \u00abSampaoli sigue, ya planificamos el &#8216;tetracampeonato'\u00bb"},"content":{"rendered":"<figure id=\"attachment_4718\" aria-describedby=\"caption-attachment-4718\" style=\"width: 700px\" class=\"wp-caption alignnone\"><img loading=\"lazy\" decoding=\"async\" class=\" size-full wp-image-4718\" src=\"http:\/\/www.rincondelbulla.cl\/portal\/wp-content\/uploads\/2012\/07\/63f0863487b53eb3653b28705a24c7df.jpg\" alt=\"Foto: La Tercera\" class=\"caption\" title=\"Jos\u00e9 Yuraszeck, presidente de Azul Azul, confirm\u00f3 la continuidad de Sampaoli\" width=\"700\" height=\"396\" srcset=\"http:\/\/www.rincondelbulla.cl\/portal\/wp-content\/uploads\/2012\/07\/63f0863487b53eb3653b28705a24c7df.jpg 700w, http:\/\/www.rincondelbulla.cl\/portal\/wp-content\/uploads\/2012\/07\/63f0863487b53eb3653b28705a24c7df-300x170.jpg 300w, http:\/\/www.rincondelbulla.cl\/portal\/wp-content\/uploads\/2012\/07\/63f0863487b53eb3653b28705a24c7df-696x394.jpg 696w\" sizes=\"auto, (max-width: 700px) 100vw, 700px\" \/><figcaption id=\"caption-attachment-4718\" class=\"wp-caption-text\">Jos\u00e9 Yuraszeck, presidente de Azul Azul, confirm\u00f3 la continuidad de Sampaoli<\/figcaption><\/figure>\n<p><strong>Jos\u00e9 Yuraszeck, presidente de Azul Azul, confirm\u00f3 la continuidad del t\u00e9cnico de Universidad de Chile y aclar\u00f3 que la reuni\u00f3n de este martes con el estratega fue para trabajar en la conformaci\u00f3n del plantel. \u00abLlegar\u00e1 el reemplazo de D\u00edaz y dos delanteros m\u00e1s aparte de Ubilla\u00bb, se\u00f1al\u00f3.<\/strong>  <!--more--> Reci\u00e9n empezaba la celebraci\u00f3n de Universidad de Chile tras vencer a O&#8217;Higgins en los penales, pero el tema que preocupaba a los hinchas azules era si Jorge Sampaoli continuar\u00eda como t\u00e9cnico, algo que confirm\u00f3 el presidente de Azul Azul, despu\u00e9s d euna reuni\u00f3n con el estratega.<\/p>\n<p>\u00abSampaoli sigue en Universidad de Chile. Hoy -martes 3 de julio- nos juntamos a trabajar en el plantel del segundo semestre y a planificar c\u00f3mo ganar el &#8216;tetracampeonato&#8217; y la bi Sudamericana\u00bb, se\u00f1al\u00f3 Jos\u00e9 Yuraszeck en radio ADN, dejando en claro eso s\u00ed que \u00abla permanencia del t\u00e9cnico nunca estuvo en duda\u00bb.<\/p>\n<p>Y justamente sobre el equipo que conformar\u00e1n para la segunda parte del 2012, el m\u00e1ximo directivo de la &#8216;U&#8217; apunt\u00f3 que \u00abla prioridad es reemplazar a Marcelo D\u00edaz y traer dos delantero m\u00e1s aparte de Ubilla\u00bb, aclarando que el centrodelantero goleador nominal \u00abes una opci\u00f3n, porque este torneo hicimos m\u00e1s goles que el Apertura 2011\u00bb.<\/p>\n<p>Adem\u00e1s, descart\u00f3 la partida de Lorenzetti a Cruzeiro -\u00abacordamos de com\u00fan acuerdo rechazar esa oferta\u00bb-, abri\u00f3 la posibilidad de que Emilio Hern\u00e1ndez parta a pr\u00e9stamo -\u00abtiene contrato hasta fin de a\u00f1o y cuando vuelva de vacaciones conversaremos\u00bb- y mostr\u00f3 sus deseos que Eduardo Morante demuestre porqu\u00e9 fue comprado por la &#8216;U&#8217;.<\/p>\n<p>\u00abMorante ser\u00e1 el segundo refuerzo del segundo semestre junto a Ubilla. Sampaoli prefiri\u00f3 no utilizarlo para que tome ritmo de competencia, pero este segundo semestre ser\u00e1 un aporte\u00bb, sentenci\u00f3 el directivo sobre el central ecuatoriano que fue comprado por los azules en dos millones de d\u00f3lares.<\/p>\n<p><strong>Fuente:<\/strong> Prensafutbol.cl<\/p>\n","protected":false},"excerpt":{"rendered":"<p>Jos\u00e9 Yuraszeck, presidente de Azul Azul, confirm\u00f3 la continuidad del t\u00e9cnico de Universidad de Chile y aclar\u00f3 que la reuni\u00f3n de este martes con el estratega fue para trabajar en la conformaci\u00f3n del plantel. \u00abLlegar\u00e1 el reemplazo de D\u00edaz y dos delanteros m\u00e1s aparte de Ubilla\u00bb, se\u00f1al\u00f3.<\/p>\n","protected":false},"author":1,"featured_media":4718,"comment_status":"open","ping_status":"open","sticky":false,"template":"","format":"standard","meta":{"footnotes":""},"categories":[18],"tags":[454,40,64,131],"class_list":{"0":"post-3113","1":"post","2":"type-post","3":"status-publish","4":"format-standard","5":"has-post-thumbnail","7":"category-actualidad","8":"tag-actualidad","9":"tag-jorge-sampaoli","10":"tag-jose-yuraszeck","11":"tag-mercado-de-pases-2012"},"_links":{"self":[{"href":"http:\/\/www.rincondelbulla.cl\/portal\/wp-json\/wp\/v2\/posts\/3113","targetHints":{"allow":["GET"]}}],"collection":[{"href":"http:\/\/www.rincondelbulla.cl\/portal\/wp-json\/wp\/v2\/posts"}],"about":[{"href":"http:\/\/www.rincondelbulla.cl\/portal\/wp-json\/wp\/v2\/types\/post"}],"author":[{"embeddable":true,"href":"http:\/\/www.rincondelbulla.cl\/portal\/wp-json\/wp\/v2\/users\/1"}],"replies":[{"embeddable":true,"href":"http:\/\/www.rincondelbulla.cl\/portal\/wp-json\/wp\/v2\/comments?post=3113"}],"version-history":[{"count":0,"href":"http:\/\/www.rincondelbulla.cl\/portal\/wp-json\/wp\/v2\/posts\/3113\/revisions"}],"wp:featuredmedia":[{"embeddable":true,"href":"http:\/\/www.rincondelbulla.cl\/portal\/wp-json\/wp\/v2\/media\/4718"}],"wp:attachment":[{"href":"http:\/\/www.rincondelbulla.cl\/portal\/wp-json\/wp\/v2\/media?parent=3113"}],"wp:term":[{"taxonomy":"category","embeddable":true,"href":"http:\/\/www.rincondelbulla.cl\/portal\/wp-json\/wp\/v2\/categories?post=3113"},{"taxonomy":"post_tag","embeddable":true,"href":"http:\/\/www.rincondelbulla.cl\/portal\/wp-json\/wp\/v2\/tags?post=3113"}],"curies":[{"name":"wp","href":"https:\/\/api.w.org\/{rel}","templated":true}]}}