{"id":3114,"date":"2012-07-03T21:02:44","date_gmt":"2012-07-03T21:02:44","guid":{"rendered":"http:\/\/www.rincondelbulla.cl\/portal\/?p=3114"},"modified":"2012-07-03T21:02:44","modified_gmt":"2012-07-03T21:02:44","slug":"marcelo-diaz-se-despide-del-familia-azul-con-emotiva-carta","status":"publish","type":"post","link":"http:\/\/www.rincondelbulla.cl\/portal\/2012\/07\/03\/marcelo-diaz-se-despide-del-familia-azul-con-emotiva-carta\/","title":{"rendered":"Marcelo D\u00edaz se despide de la familia azul con emotiva carta"},"content":{"rendered":"<figure id=\"attachment_4719\" aria-describedby=\"caption-attachment-4719\" style=\"width: 700px\" class=\"wp-caption alignnone\"><img loading=\"lazy\" decoding=\"async\" class=\" size-full wp-image-4719\" src=\"http:\/\/www.rincondelbulla.cl\/portal\/wp-content\/uploads\/2012\/07\/443d8124a98eeb875f9c56a79c8264f8.jpg\" alt=\"Foto: Patricio Gonz\u00e1lez\" class=\"caption\" title=\"Emotiva carta de Marcelo D\u00edaz para la familia azul\" width=\"700\" height=\"396\" srcset=\"http:\/\/www.rincondelbulla.cl\/portal\/wp-content\/uploads\/2012\/07\/443d8124a98eeb875f9c56a79c8264f8.jpg 700w, http:\/\/www.rincondelbulla.cl\/portal\/wp-content\/uploads\/2012\/07\/443d8124a98eeb875f9c56a79c8264f8-300x170.jpg 300w, http:\/\/www.rincondelbulla.cl\/portal\/wp-content\/uploads\/2012\/07\/443d8124a98eeb875f9c56a79c8264f8-696x394.jpg 696w\" sizes=\"auto, (max-width: 700px) 100vw, 700px\" \/><figcaption id=\"caption-attachment-4719\" class=\"wp-caption-text\">Emotiva carta de Marcelo D\u00edaz para la familia azul<\/figcaption><\/figure>\n<p><strong>A trav\u00e9s de una emotiva carta el ahora ex volante de Universidad de Chile Marcelo D\u00edaz se despidi\u00f3 de la \u00abfamilia azul\u00bb. <!--more--> <\/strong>Querida Familia Azul :<\/p>\n<p>En esta carta quiero expresar mis m\u00e1s sinceros sentimientos de agradecimientos.<\/p>\n<p>Primero. A todas las personas que dedican su vida al club y que d\u00eda a d\u00eda hacen su trabajo con tanta dedicaci\u00f3n, que nos inspiran y nos entregan las mejores condiciones para poder representarlos de la mejor forma posible adentro de la cancha. Hablo de los cancheros, utileros, secretarias, guardias, coordinadores, doctores, kinesi\u00f3logo, param\u00e9dico, masajistas, a toda la gente de Azul Azul, todos ustedes hacen una labor extraordinaria. Desde ya les pido disculpas si omito a alguna persona, pero la emoci\u00f3n me embarga.<\/p>\n<p>Segundo. Al cuerpo t\u00e9cnico y a todos los jugadores que integran el plantel profesional, por todos los momentos inolvidables que me hicieron vivir a lo largo de este camino tan exitoso. Destaco por sobre todas las cosas la humildad, el compa\u00f1erismo y la calidad humana que tiene cada uno de ustedes porque gracias a eso pudimos conformar una familia, que dif\u00edcilmente podamos borrar de nuestros corazones. Forman y formar\u00e1n parte de mi vida, ya que gracias a todos pude cumplir mi m\u00e1s anhelado sue\u00f1o de jugar fuera del pa\u00eds, que si no hubiera sido por ustedes, quiz\u00e1 no lo podr\u00eda haber cumplido. LOS QUIERO MUCHO Y LOS EXTRA\u00d1AR\u00c9.<\/p>\n<p>Tercero. A la incondicional hinchada de la UNIVERSIDAD DE CHILE, la que esper\u00f3 25 a\u00f1os para ser campe\u00f3n, la misma que vivi\u00f3 el descenso y como no recordar la dolorosa quiebra, ustedes son los que m\u00e1s se merecen estos momentos de gloria de la instituci\u00f3n, por todos aquellos hechos antes mencionados, porque mientras m\u00e1s adverso era el panorama, mas AZUL se te\u00f1\u00edan sus corazones. Ustedes transformaron estos colores y esta insignia en un \u201cSENTIMIENTO INEXPLICABLE\u201d y un estilo de vida que realmente conmueven, como bien dice una canci\u00f3n: \u201cA LA CAMISETA AZUL LE JURO AMOR ETERNO, CADA A\u00d1O QUE VA PASANDO, VA CRECIENDO EL SENTIMIENTO\u201c.<\/p>\n<p>Sin m\u00e1s palabras me despido dici\u00e9ndoles:<\/p>\n<p>LOS LLEVAR\u00c9 POR SIEMPRE EN MI CORAZ\u00d3N.<\/p>\n<p>Con mucho cari\u00f1o;<\/p>\n<p><strong>MARCELO D\u00cdAZ R<\/strong><\/p>\n","protected":false},"excerpt":{"rendered":"<p>A trav\u00e9s de una emotiva carta el ahora ex volante de Universidad de Chile Marcelo D\u00edaz se despidi\u00f3 de la \u00abfamilia azul\u00bb.<\/p>\n","protected":false},"author":1,"featured_media":4719,"comment_status":"open","ping_status":"open","sticky":false,"template":"","format":"standard","meta":{"footnotes":""},"categories":[18],"tags":[454,58],"class_list":{"0":"post-3114","1":"post","2":"type-post","3":"status-publish","4":"format-standard","5":"has-post-thumbnail","7":"category-actualidad","8":"tag-actualidad","9":"tag-marcelo-diaz"},"_links":{"self":[{"href":"http:\/\/www.rincondelbulla.cl\/portal\/wp-json\/wp\/v2\/posts\/3114","targetHints":{"allow":["GET"]}}],"collection":[{"href":"http:\/\/www.rincondelbulla.cl\/portal\/wp-json\/wp\/v2\/posts"}],"about":[{"href":"http:\/\/www.rincondelbulla.cl\/portal\/wp-json\/wp\/v2\/types\/post"}],"author":[{"embeddable":true,"href":"http:\/\/www.rincondelbulla.cl\/portal\/wp-json\/wp\/v2\/users\/1"}],"replies":[{"embeddable":true,"href":"http:\/\/www.rincondelbulla.cl\/portal\/wp-json\/wp\/v2\/comments?post=3114"}],"version-history":[{"count":0,"href":"http:\/\/www.rincondelbulla.cl\/portal\/wp-json\/wp\/v2\/posts\/3114\/revisions"}],"wp:featuredmedia":[{"embeddable":true,"href":"http:\/\/www.rincondelbulla.cl\/portal\/wp-json\/wp\/v2\/media\/4719"}],"wp:attachment":[{"href":"http:\/\/www.rincondelbulla.cl\/portal\/wp-json\/wp\/v2\/media?parent=3114"}],"wp:term":[{"taxonomy":"category","embeddable":true,"href":"http:\/\/www.rincondelbulla.cl\/portal\/wp-json\/wp\/v2\/categories?post=3114"},{"taxonomy":"post_tag","embeddable":true,"href":"http:\/\/www.rincondelbulla.cl\/portal\/wp-json\/wp\/v2\/tags?post=3114"}],"curies":[{"name":"wp","href":"https:\/\/api.w.org\/{rel}","templated":true}]}}