{"id":3116,"date":"2012-07-04T13:43:56","date_gmt":"2012-07-04T13:43:56","guid":{"rendered":"http:\/\/www.rincondelbulla.cl\/portal\/?p=3116"},"modified":"2012-07-04T13:43:56","modified_gmt":"2012-07-04T13:43:56","slug":"osvaldo-gonzalez-les-dije-a-mis-companeros-que-me-tenian-que-sacar-muerto-de-la-final","status":"publish","type":"post","link":"http:\/\/www.rincondelbulla.cl\/portal\/2012\/07\/04\/osvaldo-gonzalez-les-dije-a-mis-companeros-que-me-tenian-que-sacar-muerto-de-la-final\/","title":{"rendered":"Osvaldo Gonz\u00e1lez: \u00abLes dije a mis compa\u00f1eros que me ten\u00edan que sacar muerto de la final\u00bb"},"content":{"rendered":"<figure id=\"attachment_4721\" aria-describedby=\"caption-attachment-4721\" style=\"width: 700px\" class=\"wp-caption alignnone\"><img loading=\"lazy\" decoding=\"async\" class=\" size-full wp-image-4721\" src=\"http:\/\/www.rincondelbulla.cl\/portal\/wp-content\/uploads\/2012\/07\/79f49ff1ab9174dbe5f56dde6c6fe0f1.jpg\" alt=\"Foto: Patricio Gonz\u00e1lez\" class=\"caption\" title=\"El zaguero jug\u00f3 infiltrado el segundo duelo ante O'Higgins.\" width=\"700\" height=\"396\" srcset=\"http:\/\/www.rincondelbulla.cl\/portal\/wp-content\/uploads\/2012\/07\/79f49ff1ab9174dbe5f56dde6c6fe0f1.jpg 700w, http:\/\/www.rincondelbulla.cl\/portal\/wp-content\/uploads\/2012\/07\/79f49ff1ab9174dbe5f56dde6c6fe0f1-300x170.jpg 300w, http:\/\/www.rincondelbulla.cl\/portal\/wp-content\/uploads\/2012\/07\/79f49ff1ab9174dbe5f56dde6c6fe0f1-696x394.jpg 696w\" sizes=\"auto, (max-width: 700px) 100vw, 700px\" \/><figcaption id=\"caption-attachment-4721\" class=\"wp-caption-text\">El zaguero jug\u00f3 infiltrado el segundo duelo ante O&#8217;Higgins.<\/figcaption><\/figure>\n<p><strong>El zaguero jug\u00f3 infiltrado el segundo duelo ante O&#8217;Higgins. \u00abLa gente no sabe lo que uno arriesga\u00bb, a\u00f1adi\u00f3.<\/strong> <!--more--> El defensor de Universidad de Chile Osvaldo Gonz\u00e1lez confes\u00f3 que jug\u00f3 infiltrado en la segunda final ante O&#8217;Higgins y que incluso vio la tanda de lanzamientos penales con fuertes dolores, dado que ya hab\u00eda pasado el efecto de las inyecciones de anestesia que le pusieron en el entretiempo.<\/p>\n<p>\u00abSi me llegaba a tocar patear un penal, estaba frito. Casi no pod\u00eda caminar porque ya se hab\u00eda pasado el efecto de la inyecci\u00f3n de anestesia que me hab\u00edan puesto en el entretiempo\u00bb, dijo el defensor en di\u00e1logo con el diario Las Ultimas Noticias.<\/p>\n<p>\u00abNunca hab\u00eda sentido tantos dolores, pero al mismo tiempo quer\u00eda estar en la final, por eso le dije a mis compa\u00f1eros que me ten\u00edan que sacar muerto de la cancha\u00bb, a\u00f1adi\u00f3.<\/p>\n<p>El jugador formado en Universidad de Concepci\u00f3n coment\u00f3 que apenas pod\u00eda caminar.<\/p>\n<p>\u00abNo pude dar la vuelta ol\u00edmpica, si ni caminaba. Me tuvieron que rearmar para salir del estadio. En la fiesta apenas aguant\u00e9 un rato, pero lo peor vino despu\u00e9s, porque el dolor no me dej\u00f3 dormir hasta las seis de la ma\u00f1ana. El pubis, el aducutor, me dol\u00eda todo. M\u00e1s con el fr\u00edo que hac\u00eda\u00bb, indic\u00f3.<\/p>\n<p>\u00abLa gente no sabe todo lo que uno arriesga, y ni siquiera s\u00e9 si sigo en el club, porque no est\u00e1 definido, pero s\u00ed quer\u00eda ganar el t\u00edtulo a como diera lugar\u00bb, agreg\u00f3.<\/p>\n<p><strong>Fuente:<\/strong> Cooperativa.cl<\/p>\n","protected":false},"excerpt":{"rendered":"<p>El zaguero jug\u00f3 infiltrado el segundo duelo ante O&#8217;Higgins. \u00abLa gente no sabe lo que uno arriesga\u00bb, a\u00f1adi\u00f3.<\/p>\n","protected":false},"author":1,"featured_media":4721,"comment_status":"open","ping_status":"open","sticky":false,"template":"","format":"standard","meta":{"footnotes":""},"categories":[18],"tags":[454,94,88],"class_list":{"0":"post-3116","1":"post","2":"type-post","3":"status-publish","4":"format-standard","5":"has-post-thumbnail","7":"category-actualidad","8":"tag-actualidad","9":"tag-apertura-2012","10":"tag-osvaldo-gonzalez"},"_links":{"self":[{"href":"http:\/\/www.rincondelbulla.cl\/portal\/wp-json\/wp\/v2\/posts\/3116","targetHints":{"allow":["GET"]}}],"collection":[{"href":"http:\/\/www.rincondelbulla.cl\/portal\/wp-json\/wp\/v2\/posts"}],"about":[{"href":"http:\/\/www.rincondelbulla.cl\/portal\/wp-json\/wp\/v2\/types\/post"}],"author":[{"embeddable":true,"href":"http:\/\/www.rincondelbulla.cl\/portal\/wp-json\/wp\/v2\/users\/1"}],"replies":[{"embeddable":true,"href":"http:\/\/www.rincondelbulla.cl\/portal\/wp-json\/wp\/v2\/comments?post=3116"}],"version-history":[{"count":0,"href":"http:\/\/www.rincondelbulla.cl\/portal\/wp-json\/wp\/v2\/posts\/3116\/revisions"}],"wp:featuredmedia":[{"embeddable":true,"href":"http:\/\/www.rincondelbulla.cl\/portal\/wp-json\/wp\/v2\/media\/4721"}],"wp:attachment":[{"href":"http:\/\/www.rincondelbulla.cl\/portal\/wp-json\/wp\/v2\/media?parent=3116"}],"wp:term":[{"taxonomy":"category","embeddable":true,"href":"http:\/\/www.rincondelbulla.cl\/portal\/wp-json\/wp\/v2\/categories?post=3116"},{"taxonomy":"post_tag","embeddable":true,"href":"http:\/\/www.rincondelbulla.cl\/portal\/wp-json\/wp\/v2\/tags?post=3116"}],"curies":[{"name":"wp","href":"https:\/\/api.w.org\/{rel}","templated":true}]}}