{"id":3117,"date":"2012-07-04T20:26:10","date_gmt":"2012-07-04T20:26:10","guid":{"rendered":"http:\/\/www.rincondelbulla.cl\/portal\/?p=3117"},"modified":"2012-07-04T20:26:10","modified_gmt":"2012-07-04T20:26:10","slug":"uno-mas-para-sampaoli-videla-firmo-en-la-u","status":"publish","type":"post","link":"http:\/\/www.rincondelbulla.cl\/portal\/2012\/07\/04\/uno-mas-para-sampaoli-videla-firmo-en-la-u\/","title":{"rendered":"Uno m\u00e1s para Sampaoli: Videla firm\u00f3 en la &#8216;U&#8217;"},"content":{"rendered":"<p><img loading=\"lazy\" decoding=\"async\" class=\" size-full wp-image-4722\" src=\"http:\/\/www.rincondelbulla.cl\/portal\/wp-content\/uploads\/2012\/07\/25ee301767258492121a64d18418c2f3.jpg\" alt=\"\" width=\"700\" height=\"396\" srcset=\"http:\/\/www.rincondelbulla.cl\/portal\/wp-content\/uploads\/2012\/07\/25ee301767258492121a64d18418c2f3.jpg 700w, http:\/\/www.rincondelbulla.cl\/portal\/wp-content\/uploads\/2012\/07\/25ee301767258492121a64d18418c2f3-300x170.jpg 300w, http:\/\/www.rincondelbulla.cl\/portal\/wp-content\/uploads\/2012\/07\/25ee301767258492121a64d18418c2f3-696x394.jpg 696w\" sizes=\"auto, (max-width: 700px) 100vw, 700px\" \/><\/p>\n<p><strong>El volante argentino firm\u00f3 por cuatro a\u00f1os y ser\u00e1 el encargado de suceder a Marcelo D\u00edaz en el mediocampo azul. El jugador, que viene de pelear el ascenso con Instituto de C\u00f3rdoba en Argentina, tuvo la aprobaci\u00f3n del asesor deportivo del club, Diego Rivarola.<\/strong> <!--more--> Ante la partida de Marcelo D\u00edaz al Basilea de Suiza, Universidad de Chile comenz\u00f3 a buscar r\u00e1pidamente un remplazante que maneje los hilos en el mediocampo azul. Y el elegido por los universitarios fue el argentino Ezequiel Videla, proveniente de Instituto de C\u00f3rdoba.<\/p>\n<p>El jugador trasandino firm\u00f3 un contrato por los pr\u00f3ximos cuatro a\u00f1os y la mitad de su pase cost\u00f3 1,5 millones de d\u00f3lares. Luego de estampar la r\u00fabrica junto al presidente de la &#8216;U&#8217;, Jos\u00e9 Yurazseck, el mediocampista viaj\u00f3 a Argentina y volver\u00e1 al pa\u00eds el viernes para ponerse a disposici\u00f3n de Jorge Sampaoli.<\/p>\n<p>Uno de los referentes del club y actual asesor deportivo de los azules, Diego Rivarola, se refiri\u00f3 a la llegada de Videla. \u00abLo he visto en algunos partidos y creo que tiene caracter\u00edsticas parecidas a Marcelo (D\u00edaz). Puede ser un buen remplazante para \u00e9l y tiene las condiciones para estar en el equipo\u00bb, se\u00f1al\u00f3 &#8216;Gok\u00fa&#8217;.<\/p>\n<p>El volante, de gran despliegue f\u00edsico, hizo su debut en el profesionalismo jugando por Montevideo Wanderers de Uruguay el 2009, mientras el 2010 consigui\u00f3 el ascenso a la Primera Divisi\u00f3n de Argentina con San Mart\u00edn de San Juan. La temporada pasada defendi\u00f3 los colores de Instituto de C\u00f3rdoba, equipo con el cual perdi\u00f3 la Promoci\u00f3n del f\u00fatbol trasandino frente a San Lorenzo de Almagro.<\/p>\n<p>Con 24 a\u00f1os, el mediocampista llega a un club con el cual disputar\u00e1 la Copa Chile, Copa Sudamericana, Recopa Sudamericana y la Copa Suruga Bank 2012, adem\u00e1s del Torneo de Clausura 2012, donde los universitarios buscar\u00e1n conseguir el ansiado tetracampeonato.<\/p>\n<p><strong>Fuente:<\/strong> Prensafutbol.cl<\/p>\n","protected":false},"excerpt":{"rendered":"<p>El volante argentino firm\u00f3 por cuatro a\u00f1os y ser\u00e1 el encargado de suceder a Marcelo D\u00edaz en el mediocampo azul. El jugador, que viene de pelear el ascenso con Instituto de C\u00f3rdoba en Argentina, tuvo la aprobaci\u00f3n del asesor deportivo del club, Diego Rivarola.<\/p>\n","protected":false},"author":1,"featured_media":4722,"comment_status":"open","ping_status":"open","sticky":false,"template":"","format":"standard","meta":{"footnotes":""},"categories":[18],"tags":[454,135,131],"class_list":{"0":"post-3117","1":"post","2":"type-post","3":"status-publish","4":"format-standard","5":"has-post-thumbnail","7":"category-actualidad","8":"tag-actualidad","9":"tag-ezequiel-videla","10":"tag-mercado-de-pases-2012"},"_links":{"self":[{"href":"http:\/\/www.rincondelbulla.cl\/portal\/wp-json\/wp\/v2\/posts\/3117","targetHints":{"allow":["GET"]}}],"collection":[{"href":"http:\/\/www.rincondelbulla.cl\/portal\/wp-json\/wp\/v2\/posts"}],"about":[{"href":"http:\/\/www.rincondelbulla.cl\/portal\/wp-json\/wp\/v2\/types\/post"}],"author":[{"embeddable":true,"href":"http:\/\/www.rincondelbulla.cl\/portal\/wp-json\/wp\/v2\/users\/1"}],"replies":[{"embeddable":true,"href":"http:\/\/www.rincondelbulla.cl\/portal\/wp-json\/wp\/v2\/comments?post=3117"}],"version-history":[{"count":0,"href":"http:\/\/www.rincondelbulla.cl\/portal\/wp-json\/wp\/v2\/posts\/3117\/revisions"}],"wp:featuredmedia":[{"embeddable":true,"href":"http:\/\/www.rincondelbulla.cl\/portal\/wp-json\/wp\/v2\/media\/4722"}],"wp:attachment":[{"href":"http:\/\/www.rincondelbulla.cl\/portal\/wp-json\/wp\/v2\/media?parent=3117"}],"wp:term":[{"taxonomy":"category","embeddable":true,"href":"http:\/\/www.rincondelbulla.cl\/portal\/wp-json\/wp\/v2\/categories?post=3117"},{"taxonomy":"post_tag","embeddable":true,"href":"http:\/\/www.rincondelbulla.cl\/portal\/wp-json\/wp\/v2\/tags?post=3117"}],"curies":[{"name":"wp","href":"https:\/\/api.w.org\/{rel}","templated":true}]}}