{"id":3118,"date":"2012-07-05T13:03:52","date_gmt":"2012-07-05T13:03:52","guid":{"rendered":"http:\/\/www.rincondelbulla.cl\/portal\/?p=3118"},"modified":"2012-07-05T13:03:52","modified_gmt":"2012-07-05T13:03:52","slug":"la-u-compro-a-enzo-gutierrez-y-va-por-fabian-orellana","status":"publish","type":"post","link":"http:\/\/www.rincondelbulla.cl\/portal\/2012\/07\/05\/la-u-compro-a-enzo-gutierrez-y-va-por-fabian-orellana\/","title":{"rendered":"La &#8216;U&#8217; compr\u00f3 a Enzo Guti\u00e9rrez y va por Fabi\u00e1n Orellana"},"content":{"rendered":"<figure id=\"attachment_4723\" aria-describedby=\"caption-attachment-4723\" style=\"width: 700px\" class=\"wp-caption alignnone\"><img loading=\"lazy\" decoding=\"async\" class=\" size-full wp-image-4723\" src=\"http:\/\/www.rincondelbulla.cl\/portal\/wp-content\/uploads\/2012\/07\/f22faa60a999f32e51c965f3ad5fd55a.jpg\" alt=\"Foto: Pedro Rodr\u00edguez\" class=\"caption\" title=\"Enzo Guti\u00e9rrez ante la marca de Oslvaldo Gonz\u00e1lez, en la final del Apertura.\" width=\"700\" height=\"396\" srcset=\"http:\/\/www.rincondelbulla.cl\/portal\/wp-content\/uploads\/2012\/07\/f22faa60a999f32e51c965f3ad5fd55a.jpg 700w, http:\/\/www.rincondelbulla.cl\/portal\/wp-content\/uploads\/2012\/07\/f22faa60a999f32e51c965f3ad5fd55a-300x170.jpg 300w, http:\/\/www.rincondelbulla.cl\/portal\/wp-content\/uploads\/2012\/07\/f22faa60a999f32e51c965f3ad5fd55a-696x394.jpg 696w\" sizes=\"auto, (max-width: 700px) 100vw, 700px\" \/><figcaption id=\"caption-attachment-4723\" class=\"wp-caption-text\">Enzo Guti\u00e9rrez ante la marca de Oslvaldo Gonz\u00e1lez, en la final del Apertura.<\/figcaption><\/figure>\n<p><strong>El cuadro azul pag\u00f3 1,2 mill\u00f3n de d\u00f3lares por el goleador argentino. En tanto, hace gestiones para conseguir el pr\u00e9stamo del delantero de Granada.<\/strong> <!--more--> Universidad de Chile sigue remeciendo el mercado de fichajes, puesto que tras cerrar el fichaje del delantero de O&#8217;Higgins Enzo Guti\u00e9rrez a cambio de 1,2 mill\u00f3n de d\u00f3lares, ahora va por el delantero chileno Fabi\u00e1n Orellana, perteneciente a los registros de Granada, tal como cont\u00f3 este jueves La Tercera.<\/p>\n<p>Seg\u00fan la publicaci\u00f3n, la noche del martes, en reuni\u00f3n de directorio, el cuadro celeste vis\u00f3 y acept\u00f3 el ofrecimiento de Azul Azul por todo el pase del jugador.<\/p>\n<p>As\u00ed, Guti\u00e9rrez fue comprado \u00edntegramente y firmar\u00e1 por cuatro a\u00f1os, convirti\u00e9ndose en la cuarta incorporaci\u00f3n tras sumar a Sebasti\u00e1n Ubilla y a los argentinos Ezequiel Videla y Juan Pablo Passaglia. Este \u00faltimo, eso s\u00ed, ser\u00e1 enviado a pr\u00e9stamo.<\/p>\n<p>Pese al fichaje de Guti\u00e9rrez, Sampaoli solicit\u00f3 otro centro delantero y la opci\u00f3n es Gustavo Canales, quien espera retornar a Chile tras su paso por China y luego de haber limado sus asperezas con la dirigencia de Azul Azul, generadas en su salida a comienzos de a\u00f1o.<\/p>\n<p><strong>Pr\u00e9stamo por Orellana<\/strong><\/p>\n<p>Jorge Sampaoli tiene al delantero chileno Fabi\u00e1n Orellana entre sus favoritos para reforzar al cuadro azul, y es por eso que la concesionaria trabaja con Granada para comprar parte de su pase o lograr un pr\u00e9stamo.<\/p>\n<p>El ex jugador de Audax Italiano est\u00e1 tasado en 3,75 millones de d\u00f3lares y en el cuadro espa\u00f1ol estar\u00edan dispuestos a negociar con el tricampe\u00f3n del f\u00fatbol chileno.<\/p>\n<p>Fuente: Cooperativa.cl<\/p>\n","protected":false},"excerpt":{"rendered":"<p>El cuadro azul pag\u00f3 1,2 mill\u00f3n de d\u00f3lares por el goleador argentino. En tanto, hace gestiones para conseguir el pr\u00e9stamo del delantero de Granada.<\/p>\n","protected":false},"author":1,"featured_media":4723,"comment_status":"open","ping_status":"open","sticky":false,"template":"","format":"standard","meta":{"footnotes":""},"categories":[18],"tags":[454,136,137,131],"class_list":{"0":"post-3118","1":"post","2":"type-post","3":"status-publish","4":"format-standard","5":"has-post-thumbnail","7":"category-actualidad","8":"tag-actualidad","9":"tag-enzo-gutierrez","10":"tag-fabian-orellana","11":"tag-mercado-de-pases-2012"},"_links":{"self":[{"href":"http:\/\/www.rincondelbulla.cl\/portal\/wp-json\/wp\/v2\/posts\/3118","targetHints":{"allow":["GET"]}}],"collection":[{"href":"http:\/\/www.rincondelbulla.cl\/portal\/wp-json\/wp\/v2\/posts"}],"about":[{"href":"http:\/\/www.rincondelbulla.cl\/portal\/wp-json\/wp\/v2\/types\/post"}],"author":[{"embeddable":true,"href":"http:\/\/www.rincondelbulla.cl\/portal\/wp-json\/wp\/v2\/users\/1"}],"replies":[{"embeddable":true,"href":"http:\/\/www.rincondelbulla.cl\/portal\/wp-json\/wp\/v2\/comments?post=3118"}],"version-history":[{"count":0,"href":"http:\/\/www.rincondelbulla.cl\/portal\/wp-json\/wp\/v2\/posts\/3118\/revisions"}],"wp:featuredmedia":[{"embeddable":true,"href":"http:\/\/www.rincondelbulla.cl\/portal\/wp-json\/wp\/v2\/media\/4723"}],"wp:attachment":[{"href":"http:\/\/www.rincondelbulla.cl\/portal\/wp-json\/wp\/v2\/media?parent=3118"}],"wp:term":[{"taxonomy":"category","embeddable":true,"href":"http:\/\/www.rincondelbulla.cl\/portal\/wp-json\/wp\/v2\/categories?post=3118"},{"taxonomy":"post_tag","embeddable":true,"href":"http:\/\/www.rincondelbulla.cl\/portal\/wp-json\/wp\/v2\/tags?post=3118"}],"curies":[{"name":"wp","href":"https:\/\/api.w.org\/{rel}","templated":true}]}}