{"id":3152,"date":"2012-07-20T21:25:59","date_gmt":"2012-07-20T21:25:59","guid":{"rendered":"http:\/\/www.rincondelbulla.cl\/portal\/?p=3152"},"modified":"2012-07-20T21:25:59","modified_gmt":"2012-07-20T21:25:59","slug":"la-u-se-potencia-con-todo-para-el-segundo-semestre","status":"publish","type":"post","link":"http:\/\/www.rincondelbulla.cl\/portal\/2012\/07\/20\/la-u-se-potencia-con-todo-para-el-segundo-semestre\/","title":{"rendered":"La &#8216;U&#8217; se potencia con todo para el segundo semestre"},"content":{"rendered":"<figure id=\"attachment_4759\" aria-describedby=\"caption-attachment-4759\" style=\"width: 700px\" class=\"wp-caption alignnone\"><img loading=\"lazy\" decoding=\"async\" class=\" size-full wp-image-4759\" src=\"http:\/\/www.rincondelbulla.cl\/portal\/wp-content\/uploads\/2012\/07\/6b540af06c9f0a601762578a9e03a44b.jpg\" alt=\"Foto: Claudio C\u00e1ceres\" class=\"caption\" title=\"La 'U' invirti\u00f3 m\u00e1s que ning\u00fan equipo en el medio local\" width=\"700\" height=\"396\" srcset=\"http:\/\/www.rincondelbulla.cl\/portal\/wp-content\/uploads\/2012\/07\/6b540af06c9f0a601762578a9e03a44b.jpg 700w, http:\/\/www.rincondelbulla.cl\/portal\/wp-content\/uploads\/2012\/07\/6b540af06c9f0a601762578a9e03a44b-300x170.jpg 300w, http:\/\/www.rincondelbulla.cl\/portal\/wp-content\/uploads\/2012\/07\/6b540af06c9f0a601762578a9e03a44b-696x394.jpg 696w\" sizes=\"auto, (max-width: 700px) 100vw, 700px\" \/><figcaption id=\"caption-attachment-4759\" class=\"wp-caption-text\">La &#8216;U&#8217; invirti\u00f3 m\u00e1s que ning\u00fan equipo en el medio local<\/figcaption><\/figure>\n<p><strong>Pensando en el exigente calendario, la bancada azul invirti\u00f3 m\u00e1s que ning\u00fan equipo en el medio local en sus cuatro refuerzos presentados, sumando m\u00e1s de 6 millones de d\u00f3lares en un plantel que ya asoma de buen nivel. &nbsp;<\/strong> <!--more--> Con la adquisici\u00f3n que realiz\u00f3 Universidad de Chile de la totalidad del pase de Luciano Civelli esta semana (un costo cercano a US$ 1,3 millones), el conjunto azul se convirti\u00f3 en el plantel que m\u00e1s invirti\u00f3 en refuerzos de cara al segundo semestre del a\u00f1o. La estimaci\u00f3n habla de m\u00e1s de 6 millones de d\u00f3lares.<\/p>\n<p>S\u00f3lo en el \u00faltimo mes la U gast\u00f3 1,2 millones por Sebasti\u00e1n Ubilla, US$ 1,5 por totalidad del pase de Mat\u00edas Rodr\u00edguez, US$ 1,3 por Enzo Guti\u00e9rrez, US$ 1 por Ezquiel Videla y US$ 1,3 por Luciano Civelli. Y si a eso le sumamos la inversi\u00f3n en Morante (US$ 2 millones), que se transform\u00f3 en la contrataci\u00f3n m\u00e1s cara del f\u00fatbol chileno, y que comenzar\u00e1 a rendir frutos en el esquema de Sampaoli este torneo, las esperanzas de victorias del pueblo azul se acrecientan.<\/p>\n<p>Por esta raz\u00f3n, expondremos uno a uno los refuerzos del conjunto azul, reluciendo caracter\u00edsticas y la mejor ubicaci\u00f3n que podr\u00edan tener en el terreno de juego.<\/p>\n<p><strong>Sebasti\u00e1n Ubilla (21 a\u00f1os)<\/strong><\/p>\n<p><img loading=\"lazy\" decoding=\"async\" class=\" alignleft size-full wp-image-4760\" style=\"margin: 5px 5px 5px 0px; float: left;\" alt=\"refuerzo-sebastian-ubilla\" src=\"http:\/\/www.rincondelbulla.cl\/portal\/wp-content\/uploads\/2012\/07\/refuerzo-sebastian-ubilla.jpg\" height=\"199\" width=\"260\" srcset=\"http:\/\/www.rincondelbulla.cl\/portal\/wp-content\/uploads\/2012\/07\/refuerzo-sebastian-ubilla.jpg 260w, http:\/\/www.rincondelbulla.cl\/portal\/wp-content\/uploads\/2012\/07\/refuerzo-sebastian-ubilla-80x60.jpg 80w\" sizes=\"auto, (max-width: 260px) 100vw, 260px\" \/>El ex Wanderers lleg\u00f3 cuando la Universidad de Chile disputaba la semifinal de la Libertadores para potenciar el ataque. Con la partida de Junior Fern\u00e1ndez al f\u00fatbol alem\u00e1n, Ubilla se posiciona como el reemplazante natural del moreno delantero, principalmente por tener similares caracter\u00edsticas de juego. El porte\u00f1o tiene velocidad, personalidad y buen dribling. Se adue\u00f1a de la banda derecha, aprovechando cada bal\u00f3n para convertirlo en peligro en el \u00e1rea rival. El \u00faltimo juego contra Deportes La Serena se vio activo y tomando protagonismo, luego de mandarse dos golazos en el partido contra la selecci\u00f3n uruguaya a mediados de semana.<\/p>\n<p><strong>Ezequiel Videla (24 a\u00f1os)<\/strong><\/p>\n<p><img loading=\"lazy\" decoding=\"async\" class=\" alignright size-full wp-image-4761\" style=\"margin: 5px 0px 5px 5px; float: right;\" title=\"Refuerzo Ezequiel Videla\" alt=\"refuerzo-ezequiel-videla\" src=\"http:\/\/www.rincondelbulla.cl\/portal\/wp-content\/uploads\/2012\/07\/refuerzo-ezequiel-videla.jpg\" height=\"199\" width=\"260\" srcset=\"http:\/\/www.rincondelbulla.cl\/portal\/wp-content\/uploads\/2012\/07\/refuerzo-ezequiel-videla.jpg 260w, http:\/\/www.rincondelbulla.cl\/portal\/wp-content\/uploads\/2012\/07\/refuerzo-ezequiel-videla-80x60.jpg 80w\" sizes=\"auto, (max-width: 260px) 100vw, 260px\" \/>El ex Instituto de C\u00f3rdoba arrib\u00f3 al conjunto azul con la chapa de reemplazante de un grande: Marcelo \u201cCare\u2019pato\u201d D\u00edaz. Se conoc\u00eda poco y nada del lanudo jugador, quien fue expl\u00edcitamente pedido por Sampaoli. Sin embargo, sus primeros 45 minutos en cancha este fin de semana en el Santa Laura, en el 5-2, se mostr\u00f3 ordenado y manejador de los tiempos en el medio campo. Lo m\u00e1s importante, no perdi\u00f3 ning\u00fan bal\u00f3n, entregando de manera correcta en cada ocasi\u00f3n que entr\u00f3 en juego. Un volante interesante y un buen aliado de Charles Ar\u00e1nguiz. Tendr\u00e1 que jug\u00e1rsela, ya que Sebasti\u00e1n Mart\u00ednez ha mejorado considerablemente su nivel.&nbsp; &nbsp;<\/p>\n<p><strong>Enzo Guti\u00e9rrez (26 a\u00f1os)<\/strong><\/p>\n<p><img loading=\"lazy\" decoding=\"async\" class=\" alignleft size-full wp-image-4762\" style=\"margin: 5px 5px 5px 0px; float: left;\" title=\"Refuerzo Enzo Guti\u00e9rrez\" alt=\"refuerzo-enzo-gutierrez\" src=\"http:\/\/www.rincondelbulla.cl\/portal\/wp-content\/uploads\/2012\/07\/refuerzo-enzo-gutierrez.jpg\" height=\"199\" width=\"260\" srcset=\"http:\/\/www.rincondelbulla.cl\/portal\/wp-content\/uploads\/2012\/07\/refuerzo-enzo-gutierrez.jpg 260w, http:\/\/www.rincondelbulla.cl\/portal\/wp-content\/uploads\/2012\/07\/refuerzo-enzo-gutierrez-80x60.jpg 80w\" sizes=\"auto, (max-width: 260px) 100vw, 260px\" \/>El ex O\u2019Higgins de Rancag\u00fca y goleador de la fase regular del torneo pasado prometi\u00f3 goles en su arribo al cuadro de Sampaoli, y comenz\u00f3 a saldar su deuda de inmediato. Jug\u00f3 un par de minutos frente a La Serena, donde mostr\u00f3 parte de su potencia y velocidad. Aprovech\u00f3 un desorden en la defensa rival para coronar la jornada con un golazo, luego de recorrer m\u00e1s de 30 metros para poner un derechazo cruzado que dej\u00f3 sin opci\u00f3n al portero serenense. Guti\u00e9rrez tendr\u00e1 una dura batalla por la titularidad con \u00c1ngelo Henr\u00edquez, aunque nunca est\u00e1 dem\u00e1s una segunda carta de gol bajo la manga, pensando sobretodo en el exigente calendario que se le viene a la U este semestre.&nbsp;&nbsp; &nbsp;<\/p>\n<p><strong>Luciano Civelli (25 a\u00f1os)<\/strong><\/p>\n<p><img loading=\"lazy\" decoding=\"async\" class=\" alignright size-full wp-image-4763\" style=\"margin: 5px 0px 5px 5px; float: right;\" title=\"Refuerzo Luciano Civelli\" alt=\"refuerzo-luciano-civelli\" src=\"http:\/\/www.rincondelbulla.cl\/portal\/wp-content\/uploads\/2012\/07\/refuerzo-luciano-civelli.jpg\" height=\"199\" width=\"260\" srcset=\"http:\/\/www.rincondelbulla.cl\/portal\/wp-content\/uploads\/2012\/07\/refuerzo-luciano-civelli.jpg 260w, http:\/\/www.rincondelbulla.cl\/portal\/wp-content\/uploads\/2012\/07\/refuerzo-luciano-civelli-80x60.jpg 80w\" sizes=\"auto, (max-width: 260px) 100vw, 260px\" \/>El zurdo ex Libertad de Paraguay deslumbr\u00f3 en los octavos de final de la Copa Libertadores pasada, siendo amo y se\u00f1or del ataque por el sector izquierdo del cuadro guaran\u00ed. Esto llam\u00f3 de buena forma la atenci\u00f3n del t\u00e9cnico Jorge Sampaoli para su plantel estelar.<\/p>\n<p>Por la punta izquierda han pasado jugadores como Felipe Gallegos, Roberto Cereceda, Emilio Hern\u00e1ndez y Francisco Castro, siendo este \u00faltimo quien mayores satisfacciones brind\u00f3 al ataque azul, aunque \u00faltimamente su juego ha bajado considerablemente. Lejos est\u00e1 esa potencia y gol que form\u00f3 con la dupla Castro-Vargas, en la U campe\u00f3n de la Copa Sudamericana.<\/p>\n<p>Es por esto que Luciano Civelli se viene como una buena alternativa para un sector de peso en el equipo azul, donde figuran Pepe Rojas y Eugenio Mena. Esperemos si Sampaoli le dar\u00e1 minutos en el duelo de este s\u00e1bado a las 16 horas contra Deportes Iquique, en el Estadio Tierra de Campeones.<\/p>\n","protected":false},"excerpt":{"rendered":"<p>Pensando en el exigente calendario, la bancada azul invirti\u00f3 m\u00e1s que ning\u00fan equipo en el medio local en sus cuatro refuerzos presentados, sumando m\u00e1s de 6 millones de d\u00f3lares en un plantel que ya asoma de buen nivel. &nbsp;<\/p>\n","protected":false},"author":62,"featured_media":4759,"comment_status":"open","ping_status":"open","sticky":false,"template":"","format":"standard","meta":{"footnotes":""},"categories":[18],"tags":[454,112,136,135,139,131,118],"class_list":{"0":"post-3152","1":"post","2":"type-post","3":"status-publish","4":"format-standard","5":"has-post-thumbnail","7":"category-actualidad","8":"tag-actualidad","9":"tag-clausura-2012","10":"tag-enzo-gutierrez","11":"tag-ezequiel-videla","12":"tag-luciano-civelli","13":"tag-mercado-de-pases-2012","14":"tag-sebastian-ubilla"},"_links":{"self":[{"href":"http:\/\/www.rincondelbulla.cl\/portal\/wp-json\/wp\/v2\/posts\/3152","targetHints":{"allow":["GET"]}}],"collection":[{"href":"http:\/\/www.rincondelbulla.cl\/portal\/wp-json\/wp\/v2\/posts"}],"about":[{"href":"http:\/\/www.rincondelbulla.cl\/portal\/wp-json\/wp\/v2\/types\/post"}],"author":[{"embeddable":true,"href":"http:\/\/www.rincondelbulla.cl\/portal\/wp-json\/wp\/v2\/users\/62"}],"replies":[{"embeddable":true,"href":"http:\/\/www.rincondelbulla.cl\/portal\/wp-json\/wp\/v2\/comments?post=3152"}],"version-history":[{"count":0,"href":"http:\/\/www.rincondelbulla.cl\/portal\/wp-json\/wp\/v2\/posts\/3152\/revisions"}],"wp:featuredmedia":[{"embeddable":true,"href":"http:\/\/www.rincondelbulla.cl\/portal\/wp-json\/wp\/v2\/media\/4759"}],"wp:attachment":[{"href":"http:\/\/www.rincondelbulla.cl\/portal\/wp-json\/wp\/v2\/media?parent=3152"}],"wp:term":[{"taxonomy":"category","embeddable":true,"href":"http:\/\/www.rincondelbulla.cl\/portal\/wp-json\/wp\/v2\/categories?post=3152"},{"taxonomy":"post_tag","embeddable":true,"href":"http:\/\/www.rincondelbulla.cl\/portal\/wp-json\/wp\/v2\/tags?post=3152"}],"curies":[{"name":"wp","href":"https:\/\/api.w.org\/{rel}","templated":true}]}}