{"id":3155,"date":"2012-07-21T22:16:17","date_gmt":"2012-07-21T22:16:17","guid":{"rendered":"http:\/\/www.rincondelbulla.cl\/portal\/?p=3155"},"modified":"2012-07-21T22:16:17","modified_gmt":"2012-07-21T22:16:17","slug":"a-veces-el-balon-no-quiere-entrar","status":"publish","type":"post","link":"http:\/\/www.rincondelbulla.cl\/portal\/2012\/07\/21\/a-veces-el-balon-no-quiere-entrar\/","title":{"rendered":"Marca Personal: A veces el bal\u00f3n no quiere entrar"},"content":{"rendered":"<figure id=\"attachment_4766\" aria-describedby=\"caption-attachment-4766\" style=\"width: 700px\" class=\"wp-caption alignnone\"><img loading=\"lazy\" decoding=\"async\" class=\" size-full wp-image-4766\" src=\"http:\/\/www.rincondelbulla.cl\/portal\/wp-content\/uploads\/2012\/07\/d0d12f6cae89ab7a29b463b68c032fcd.jpg\" alt=\"\" class=\"caption\" title=\"Empate sin goles en el Tierra de Campeones\" width=\"700\" height=\"396\" srcset=\"http:\/\/www.rincondelbulla.cl\/portal\/wp-content\/uploads\/2012\/07\/d0d12f6cae89ab7a29b463b68c032fcd.jpg 700w, http:\/\/www.rincondelbulla.cl\/portal\/wp-content\/uploads\/2012\/07\/d0d12f6cae89ab7a29b463b68c032fcd-300x170.jpg 300w, http:\/\/www.rincondelbulla.cl\/portal\/wp-content\/uploads\/2012\/07\/d0d12f6cae89ab7a29b463b68c032fcd-696x394.jpg 696w\" sizes=\"auto, (max-width: 700px) 100vw, 700px\" \/><figcaption id=\"caption-attachment-4766\" class=\"wp-caption-text\">Empate sin goles en el Tierra de Campeones<\/figcaption><\/figure>\n<p><span style=\"font-size: 12pt; line-height: 115%; font-family: Arial, sans-serif; color: #333333; background-color: white;\">Universidad de Chile viaj\u00f3 al Tierra de Campeones para enfrentarse a Iquique. Si bien el partido termin\u00f3 sin goles, los azules hicieron un gran y entretenido partido, no se puede decir lo mismo del local, que s\u00f3lo en los minutos finales salieron a atacar al Le\u00f3n. A continuaci\u00f3n te presentamos el Uno por Uno en el Rinc\u00f3n del Bulla. <\/span><\/p>\n<p><span style=\"font-size: 12pt; line-height: 115%; font-family: Arial, sans-serif; color: #333333; background-color: white;\"><strong>Johnny Herrera:<\/strong> En los minutos finales tuvo acci\u00f3n y demostr\u00f3 que es un gran arquero.<strong> Nota: 6.2<\/strong><\/span><\/p>\n<p><span style=\"font-size: 12pt; line-height: 115%; font-family: Arial, sans-serif; color: #333333; background-color: white;\"><strong>Paulo Magalhaes:<\/strong> Cumple bien la funci\u00f3n en la derecha, se la juega por el equipo, pero a\u00fan le falta ser m\u00e1s preciso. <strong>Nota: 5.8<\/strong><\/span><\/p>\n<p><span style=\"font-size: 12pt; line-height: 115%; font-family: Arial, sans-serif; color: #333333; background-color: white;\"><strong>Osvaldo Gonz\u00e1lez:<\/strong> No tuvo mucha acci\u00f3n, salvo al final del partido, ya que Iquique no hab\u00eda llegado al \u00e1rea azul. <strong>Nota: 5.9<\/strong><\/span><\/p>\n<p><span style=\"font-size: 12pt; line-height: 115%; font-family: Arial, sans-serif; color: #333333; background-color: white;\"><strong>Eugenio Mena:<\/strong> De igual modo como stopper por la izquierda lleg\u00f3 al \u00e1rea rival, incluso le hicieron un penal claro que Puga no cobr\u00f3, pero si le dio una amarilla. <strong>Nota: 6.0<\/strong><\/span><\/p>\n<p><span style=\"font-size: 12pt; line-height: 115%; font-family: Arial, sans-serif; color: #333333; background-color: white;\"><strong>Mat\u00edas Rodr\u00edguez:<\/strong> Volvi\u00f3 luego de la lesi\u00f3n y tambi\u00e9n el que conocemos tuvo una tarjeta amarilla y varios remates a larga distancia. <strong>Nota: 6.1<\/strong><\/span><\/p>\n<p><span style=\"font-size: 12pt; line-height: 115%; font-family: Arial, sans-serif; color: #333333; background-color: white;\"><strong>Ezequiel Videla:<\/strong> Partidazo, quit\u00f3 el bal\u00f3n en momentos precisos, es un contenci\u00f3n antiguo que quita y revienta la pelota cuando hay que hacerlo. <strong>Nota: 6.5<\/strong><\/span><\/p>\n<p><span style=\"font-size: 12pt; line-height: 115%; font-family: Arial, sans-serif; color: #333333; background-color: white;\"><strong>Guillermo Marino:<\/strong> Es una muy buena alternativa en los pases, tuvo tiros de larga distancia y contuvo en el medio campo las salidas del rival. <strong>Nota: 6.0<\/strong><\/span><\/p>\n<p><span style=\"font-size: 12pt; line-height: 115%; font-family: Arial, sans-serif; color: #333333; background-color: white;\"><strong>Roberto Cereceda:<\/strong> Un tiro en el travesa\u00f1o y cada d\u00eda juega un poco mejor, es una alternativa para Sampaoli en los pr\u00f3ximos partidos. <strong>Nota: 6.0<\/strong><\/span><\/p>\n<p><span style=\"font-size: 12pt; line-height: 115%; font-family: Arial, sans-serif; color: #333333; background-color: white;\"><strong>Sebasti\u00e1n Ubilla:<\/strong> Merec\u00eda un gol, intent\u00f3 y desbord\u00f3 por la derecha, a ratos se cambi\u00f3 de sector y tuvo un cabezazo muy al centro. <strong>Nota: 6.0<\/strong><\/span><\/p>\n<p><span style=\"font-size: 12pt; line-height: 115%; font-family: Arial, sans-serif; color: #333333; background-color: white;\"><strong>Enzo Guti\u00e9rrez:<\/strong> tuvo una amarilla por una presunta mano. Hizo el trabajo que hac\u00eda Canales, es decir, aguantar el bal\u00f3n y generar juego por las bandas. <strong>Nota: 5.8<\/strong><\/span><\/p>\n<p><span style=\"font-size: 12pt; line-height: 115%; font-family: Arial, sans-serif; color: #333333; background-color: white;\"><strong>Luciano Civelli:<\/strong> Jug\u00f3 73 minutos, pero no lo hizo muy bien, es l\u00f3gico fue su primer partido y en el club ha estado menos de una semana. <strong>Nota: 5.3<\/strong><\/span><\/p>\n<p><strong><span style=\"font-size: 12pt; line-height: 115%; font-family: Arial, sans-serif; color: #333333; background-color: white;\">Sustituciones <\/span><\/strong><\/p>\n<p><span style=\"font-size: 12pt; line-height: 115%; font-family: Arial, sans-serif; color: #333333; background-color: white;\"><strong>Felipe Gallegos:<\/strong> Entr\u00f3 por Civelli no entr\u00f3 mucho en el juego. <strong>Nota: 5.5<\/strong><\/span><\/p>\n<p><span style=\"font-size: 12pt; line-height: 115%; font-family: Arial, sans-serif; color: #333333; background-color: white;\"><strong>Gustavo Lorenzetti:<\/strong> Tuvo la ocasi\u00f3n m\u00e1s clara de gol, pero en pocos minutos nada pudo hacer. <strong>Nota: 5.4<\/strong><\/span><\/p>\n<p><span style=\"font-size: 12pt; line-height: 115%; font-family: Arial, sans-serif; color: #333333; background-color: white;\"><strong>Pedro Morales:<\/strong> Jug\u00f3 dos minutos. <strong>Sin Nota<\/strong><\/span><span style=\"font-size: 12pt; line-height: 115%; font-family: Arial, sans-serif;\"><\/span><\/p>\n","protected":false},"excerpt":{"rendered":"<p>Universidad de Chile viaj\u00f3 al Tierra de Campeones para enfrentarse a Iquique. Si bien el partido termin\u00f3 sin goles, los azules hicieron un gran y entretenido partido, no se puede decir lo mismo del local, que s\u00f3lo en los minutos finales salieron a atacar al Le\u00f3n. A continuaci\u00f3n te presentamos el Uno por Uno en [&#8230;]<\/p>\n","protected":false},"author":60,"featured_media":4766,"comment_status":"open","ping_status":"open","sticky":false,"template":"","format":"standard","meta":{"footnotes":""},"categories":[18],"tags":[],"class_list":{"0":"post-3155","1":"post","2":"type-post","3":"status-publish","4":"format-standard","5":"has-post-thumbnail","7":"category-actualidad"},"_links":{"self":[{"href":"http:\/\/www.rincondelbulla.cl\/portal\/wp-json\/wp\/v2\/posts\/3155","targetHints":{"allow":["GET"]}}],"collection":[{"href":"http:\/\/www.rincondelbulla.cl\/portal\/wp-json\/wp\/v2\/posts"}],"about":[{"href":"http:\/\/www.rincondelbulla.cl\/portal\/wp-json\/wp\/v2\/types\/post"}],"author":[{"embeddable":true,"href":"http:\/\/www.rincondelbulla.cl\/portal\/wp-json\/wp\/v2\/users\/60"}],"replies":[{"embeddable":true,"href":"http:\/\/www.rincondelbulla.cl\/portal\/wp-json\/wp\/v2\/comments?post=3155"}],"version-history":[{"count":0,"href":"http:\/\/www.rincondelbulla.cl\/portal\/wp-json\/wp\/v2\/posts\/3155\/revisions"}],"wp:featuredmedia":[{"embeddable":true,"href":"http:\/\/www.rincondelbulla.cl\/portal\/wp-json\/wp\/v2\/media\/4766"}],"wp:attachment":[{"href":"http:\/\/www.rincondelbulla.cl\/portal\/wp-json\/wp\/v2\/media?parent=3155"}],"wp:term":[{"taxonomy":"category","embeddable":true,"href":"http:\/\/www.rincondelbulla.cl\/portal\/wp-json\/wp\/v2\/categories?post=3155"},{"taxonomy":"post_tag","embeddable":true,"href":"http:\/\/www.rincondelbulla.cl\/portal\/wp-json\/wp\/v2\/tags?post=3155"}],"curies":[{"name":"wp","href":"https:\/\/api.w.org\/{rel}","templated":true}]}}