{"id":3158,"date":"2012-07-25T13:39:14","date_gmt":"2012-07-25T13:39:14","guid":{"rendered":"http:\/\/www.rincondelbulla.cl\/portal\/?p=3158"},"modified":"2012-07-25T13:39:14","modified_gmt":"2012-07-25T13:39:14","slug":"yuraszeck-reconoce-oferta-por-ponce-pero-dice-que-no-tiene-que-ver-tanto-con-morante","status":"publish","type":"post","link":"http:\/\/www.rincondelbulla.cl\/portal\/2012\/07\/25\/yuraszeck-reconoce-oferta-por-ponce-pero-dice-que-no-tiene-que-ver-tanto-con-morante\/","title":{"rendered":"Yuraszeck reconoce oferta por Ponce, pero dice que \u00abno tiene que ver tanto con Morante\u00bb"},"content":{"rendered":"<figure id=\"attachment_4769\" aria-describedby=\"caption-attachment-4769\" style=\"width: 700px\" class=\"wp-caption alignnone\"><img loading=\"lazy\" decoding=\"async\" class=\" size-full wp-image-4769\" src=\"http:\/\/www.rincondelbulla.cl\/portal\/wp-content\/uploads\/2012\/07\/6425cb88812ee25acdbcc49464b55517.jpg\" alt=\"Foto: Google\" class=\"caption\" title=\"Las lesiones le quitaron continuidad a Waldo Ponce en Cruz Azul.\" width=\"700\" height=\"396\" srcset=\"http:\/\/www.rincondelbulla.cl\/portal\/wp-content\/uploads\/2012\/07\/6425cb88812ee25acdbcc49464b55517.jpg 700w, http:\/\/www.rincondelbulla.cl\/portal\/wp-content\/uploads\/2012\/07\/6425cb88812ee25acdbcc49464b55517-300x170.jpg 300w, http:\/\/www.rincondelbulla.cl\/portal\/wp-content\/uploads\/2012\/07\/6425cb88812ee25acdbcc49464b55517-696x394.jpg 696w\" sizes=\"auto, (max-width: 700px) 100vw, 700px\" \/><figcaption id=\"caption-attachment-4769\" class=\"wp-caption-text\">Las lesiones le quitaron continuidad a Waldo Ponce en Cruz Azul.<\/figcaption><\/figure>\n<p><strong>El presidente de la \u00abU\u00bb espera la respuesta de Cruz Azul. Adem\u00e1s, defendi\u00f3 la importancia de la Copa Suruga Bank: \u00abPara llegar hay que ganar la Sudamericana\u00bb.<\/strong> <!--more--> Universidad de Chile se traslad\u00f3 completamente a Australia para preparar el partido del 1 de agosto en Jap\u00f3n, por la Copa Suruga Bank. Pero desde all\u00e1 siguen buscando potenciar el equipo para el segundo semestre antes que se cierre el libro de pases y ahora esperan la respuesta a la oferta realizada por Waldo Ponce.<\/p>\n<p>Jos\u00e9 Yuraszeck, presidente de Azul Azul, reconoci\u00f3 en declaraciones a radio Agricultura que \u00abhemos hecho una oferta definitiva al Cruz Azul por Waldo Ponce\u00bb.<\/p>\n<p>El dirigente explic\u00f3 que la b\u00fasqueda del ex zaguero de la \u00abU\u00bb no est\u00e1 relacionada con el bajo nivel que mostr\u00f3 Eduardo Morantes. \u00abEsto no tiene que ver tanto con Morantes, es para fortalecer el plantel\u00bb.<\/p>\n<p>Respecto de la estad\u00eda de los azules en Sydney, Yuraszeck valor\u00f3 el apoyo de los hinchas que asistieron al entrenamiento abierto que dispuso Jorge Sampaoli. \u00abFue emocionante, un entrenamiento en un estadio peque\u00f1o con casi mil hinchas, todos con polleras azules. Recibieron al plantel de forma extraordinaria, quer\u00edan ver a la &#8216;U&#8217;, encontrarse con el f\u00fatbol chileno\u00bb.<\/p>\n<p>Tambi\u00e9n defendi\u00f3 la importancia de la Copa Suruga Bank. \u00abParticipar en esta copa se gana en la cancha, para llegar hay que ganar la Sudamericana y la &#8216;U&#8217; la gan\u00f3 invicta. Estamos representando al f\u00fatbol de Sudam\u00e9rica y la &#8216;U&#8217; lo har\u00e1 de la mejor forma posible\u00bb.<\/p>\n<p><strong>Fuente:<\/strong> La Tercera<\/p>\n","protected":false},"excerpt":{"rendered":"<p>El presidente de la \u00abU\u00bb espera la respuesta de Cruz Azul. Adem\u00e1s, defendi\u00f3 la importancia de la Copa Suruga Bank: \u00abPara llegar hay que ganar la Sudamericana\u00bb.<\/p>\n","protected":false},"author":1,"featured_media":4769,"comment_status":"open","ping_status":"open","sticky":false,"template":"","format":"standard","meta":{"footnotes":""},"categories":[18],"tags":[454,141,64,131,143],"class_list":{"0":"post-3158","1":"post","2":"type-post","3":"status-publish","4":"format-standard","5":"has-post-thumbnail","7":"category-actualidad","8":"tag-actualidad","9":"tag-copa-suruga-bank-2012","10":"tag-jose-yuraszeck","11":"tag-mercado-de-pases-2012","12":"tag-waldo-ponce"},"_links":{"self":[{"href":"http:\/\/www.rincondelbulla.cl\/portal\/wp-json\/wp\/v2\/posts\/3158","targetHints":{"allow":["GET"]}}],"collection":[{"href":"http:\/\/www.rincondelbulla.cl\/portal\/wp-json\/wp\/v2\/posts"}],"about":[{"href":"http:\/\/www.rincondelbulla.cl\/portal\/wp-json\/wp\/v2\/types\/post"}],"author":[{"embeddable":true,"href":"http:\/\/www.rincondelbulla.cl\/portal\/wp-json\/wp\/v2\/users\/1"}],"replies":[{"embeddable":true,"href":"http:\/\/www.rincondelbulla.cl\/portal\/wp-json\/wp\/v2\/comments?post=3158"}],"version-history":[{"count":0,"href":"http:\/\/www.rincondelbulla.cl\/portal\/wp-json\/wp\/v2\/posts\/3158\/revisions"}],"wp:featuredmedia":[{"embeddable":true,"href":"http:\/\/www.rincondelbulla.cl\/portal\/wp-json\/wp\/v2\/media\/4769"}],"wp:attachment":[{"href":"http:\/\/www.rincondelbulla.cl\/portal\/wp-json\/wp\/v2\/media?parent=3158"}],"wp:term":[{"taxonomy":"category","embeddable":true,"href":"http:\/\/www.rincondelbulla.cl\/portal\/wp-json\/wp\/v2\/categories?post=3158"},{"taxonomy":"post_tag","embeddable":true,"href":"http:\/\/www.rincondelbulla.cl\/portal\/wp-json\/wp\/v2\/tags?post=3158"}],"curies":[{"name":"wp","href":"https:\/\/api.w.org\/{rel}","templated":true}]}}