{"id":3160,"date":"2012-07-26T14:22:11","date_gmt":"2012-07-26T14:22:11","guid":{"rendered":"http:\/\/www.rincondelbulla.cl\/portal\/?p=3160"},"modified":"2012-07-26T14:22:11","modified_gmt":"2012-07-26T14:22:11","slug":"jose-yuraszeck-terminamos-felizmente-la-negociacion-por-ponce","status":"publish","type":"post","link":"http:\/\/www.rincondelbulla.cl\/portal\/2012\/07\/26\/jose-yuraszeck-terminamos-felizmente-la-negociacion-por-ponce\/","title":{"rendered":"Jos\u00e9 Yuraszeck: \u00abTerminamos felizmente la negociaci\u00f3n por Ponce\u00bb"},"content":{"rendered":"<figure id=\"attachment_4771\" aria-describedby=\"caption-attachment-4771\" style=\"width: 700px\" class=\"wp-caption alignnone\"><img loading=\"lazy\" decoding=\"async\" class=\" size-full wp-image-4771\" src=\"http:\/\/www.rincondelbulla.cl\/portal\/wp-content\/uploads\/2012\/07\/1408b8740e7e3d9005e41081f87024b3.jpg\" alt=\"Foto: Google\" class=\"caption\" title=\"Jos\u00e9 Yuraszeck confirm\u00f3 el fichaje de Waldo Ponce\" width=\"700\" height=\"396\" srcset=\"http:\/\/www.rincondelbulla.cl\/portal\/wp-content\/uploads\/2012\/07\/1408b8740e7e3d9005e41081f87024b3.jpg 700w, http:\/\/www.rincondelbulla.cl\/portal\/wp-content\/uploads\/2012\/07\/1408b8740e7e3d9005e41081f87024b3-300x170.jpg 300w, http:\/\/www.rincondelbulla.cl\/portal\/wp-content\/uploads\/2012\/07\/1408b8740e7e3d9005e41081f87024b3-696x394.jpg 696w\" sizes=\"auto, (max-width: 700px) 100vw, 700px\" \/><figcaption id=\"caption-attachment-4771\" class=\"wp-caption-text\">Jos\u00e9 Yuraszeck confirm\u00f3 el fichaje de Waldo Ponce<\/figcaption><\/figure>\n<p><strong>Universidad de Chile se embarc\u00f3 rumbo a Jap\u00f3n despu\u00e9s de unos d\u00edas en Australia preparando la Suruga Bank y el presidente de los azules, Jos\u00e9 Yuraszeck, confirm\u00f3 el fichaje de Waldo Ponce. \u00abCreemos que se pondr\u00e1 bien en las pr\u00f3ximas semanas\u00bb, se\u00f1al\u00f3.<\/strong> <!--more--> Los d\u00edas de Universidad de Chile en Sidney llegaron a su fin. El cuadro azul inici\u00f3 la \u00faltima parte de su viaje para jugar la suruga Bank este 1 de agosto y antes de tomar el vuelo que los deja en Tokio, Jos\u00e9 Yuraszeck, presidente de la instituci\u00f3n, confirm\u00f3 el arribo de Waldo Ponce.<\/p>\n<p>\u00abFue complicado, por la diferencia horaria entre Australia, Chile y M\u00e9xico, pero hemos terminado felizmente la negociaci\u00f3n por Waldo Ponce. Llega a pr\u00e9stamo a la &#8216;U&#8217; por seis meses y tenemos una opci\u00f3n de compra a fin de a\u00f1o\u00bb, se\u00f1al\u00f3 el m\u00e1ximo directivo en radio Cooperativa.<\/p>\n<p>Pese a que no se\u00f1al\u00f3 montos, Cruz Azul, due\u00f1o del pase del defensa, lo vender\u00eda por 1.2 millones de d\u00f3lares, cifras que los azules han pagado por otros jugadores, por lo que la posibilidad que se extienda la estad\u00eda de Ponce en Chile es bastante concreta.<\/p>\n<p>El oriundo de Los Andes a\u00fan se recupera de una rebelde lesi\u00f3n y posterior operaci\u00f3n en los tendones de aquiles, algo de lo que est\u00e1n al tanto en la &#8216;U&#8217; y por eso conf\u00edan en que el jugador est\u00e9 en perfectas condiciones en las pr\u00f3ximas semanas.<\/p>\n<p>\u00abWaldo se integrar\u00e1 pronto. Viene de una lesi\u00f3n compleja, pero creemos que se pondr\u00e1 biene en las pr\u00f3ximas semanas\u00bb, sentenci\u00f3 el directivo de Azul Azul.<\/p>\n<p>Universidad de Chile llegar\u00e1 a Tokio en las pr\u00f3ximas horas y de ah\u00ed se trasladar\u00e1 a Kashima para afinar detalles de cara a la Suruga Bank del 1 de agosto.<\/p>\n","protected":false},"excerpt":{"rendered":"<p>Universidad de Chile se embarc\u00f3 rumbo a Jap\u00f3n despu\u00e9s de unos d\u00edas en Australia preparando la Suruga Bank y el presidente de los azules, Jos\u00e9 Yuraszeck, confirm\u00f3 el fichaje de Waldo Ponce. \u00abCreemos que se pondr\u00e1 bien en las pr\u00f3ximas semanas\u00bb, se\u00f1al\u00f3.<\/p>\n","protected":false},"author":1,"featured_media":4771,"comment_status":"open","ping_status":"open","sticky":false,"template":"","format":"standard","meta":{"footnotes":""},"categories":[18],"tags":[454,64,131,143],"class_list":{"0":"post-3160","1":"post","2":"type-post","3":"status-publish","4":"format-standard","5":"has-post-thumbnail","7":"category-actualidad","8":"tag-actualidad","9":"tag-jose-yuraszeck","10":"tag-mercado-de-pases-2012","11":"tag-waldo-ponce"},"_links":{"self":[{"href":"http:\/\/www.rincondelbulla.cl\/portal\/wp-json\/wp\/v2\/posts\/3160","targetHints":{"allow":["GET"]}}],"collection":[{"href":"http:\/\/www.rincondelbulla.cl\/portal\/wp-json\/wp\/v2\/posts"}],"about":[{"href":"http:\/\/www.rincondelbulla.cl\/portal\/wp-json\/wp\/v2\/types\/post"}],"author":[{"embeddable":true,"href":"http:\/\/www.rincondelbulla.cl\/portal\/wp-json\/wp\/v2\/users\/1"}],"replies":[{"embeddable":true,"href":"http:\/\/www.rincondelbulla.cl\/portal\/wp-json\/wp\/v2\/comments?post=3160"}],"version-history":[{"count":0,"href":"http:\/\/www.rincondelbulla.cl\/portal\/wp-json\/wp\/v2\/posts\/3160\/revisions"}],"wp:featuredmedia":[{"embeddable":true,"href":"http:\/\/www.rincondelbulla.cl\/portal\/wp-json\/wp\/v2\/media\/4771"}],"wp:attachment":[{"href":"http:\/\/www.rincondelbulla.cl\/portal\/wp-json\/wp\/v2\/media?parent=3160"}],"wp:term":[{"taxonomy":"category","embeddable":true,"href":"http:\/\/www.rincondelbulla.cl\/portal\/wp-json\/wp\/v2\/categories?post=3160"},{"taxonomy":"post_tag","embeddable":true,"href":"http:\/\/www.rincondelbulla.cl\/portal\/wp-json\/wp\/v2\/tags?post=3160"}],"curies":[{"name":"wp","href":"https:\/\/api.w.org\/{rel}","templated":true}]}}