{"id":3161,"date":"2012-07-26T18:59:20","date_gmt":"2012-07-26T18:59:20","guid":{"rendered":"http:\/\/www.rincondelbulla.cl\/portal\/?p=3161"},"modified":"2012-07-26T18:59:20","modified_gmt":"2012-07-26T18:59:20","slug":"el-patron-ponce-llega-para-potenciar-la-defensa-azul","status":"publish","type":"post","link":"http:\/\/www.rincondelbulla.cl\/portal\/2012\/07\/26\/el-patron-ponce-llega-para-potenciar-la-defensa-azul\/","title":{"rendered":"El \u201cPatr\u00f3n\u201d Ponce llega para potenciar la defensa azul"},"content":{"rendered":"<figure id=\"attachment_4772\" aria-describedby=\"caption-attachment-4772\" style=\"width: 638px\" class=\"wp-caption alignnone\"><img loading=\"lazy\" decoding=\"async\" class=\" size-full wp-image-4772\" src=\"http:\/\/www.rincondelbulla.cl\/portal\/wp-content\/uploads\/2012\/07\/9c9c855419620bf0857d3fbc9f17cbb8.jpg\" alt=\"Foto: Radio Santiago\" class=\"caption\" title=\"Waldo Ponce reforzar\u00e1 la defensa azul por seis meses\" width=\"638\" height=\"401\" srcset=\"http:\/\/www.rincondelbulla.cl\/portal\/wp-content\/uploads\/2012\/07\/9c9c855419620bf0857d3fbc9f17cbb8.jpg 638w, http:\/\/www.rincondelbulla.cl\/portal\/wp-content\/uploads\/2012\/07\/9c9c855419620bf0857d3fbc9f17cbb8-300x189.jpg 300w\" sizes=\"auto, (max-width: 638px) 100vw, 638px\" \/><figcaption id=\"caption-attachment-4772\" class=\"wp-caption-text\">Waldo Ponce reforzar\u00e1 la defensa azul por seis meses<\/figcaption><\/figure>\n<div><strong>Waldo Ponce se convirti\u00f3 en el quinto y \u00faltimo refuerzo de la \u00abU\u00bb en esta temporada, en lo que la hinchada espera se convierta en una defensa so\u00f1ada.<\/strong><\/div>\n<p>  <!--more-->  <\/p>\n<div>&nbsp;<\/div>\n<div>Este jueves, y mientras el equipo de Jorge Sampaoli se prepara para el desaf\u00edo por la copa Suruga Bank en Jap\u00f3n, el presidente de Azul Azul, Jos\u00e9 yuraszeck, confirm\u00f3 el arribo del defensa Waldo Ponce, <strong>quien estar\u00e1 a pr\u00e9stamo por seis meses en el conjunto azul.<\/strong><\/div>\n<div>&nbsp;<\/div>\n<div>Ponce, proveniente del Cruz Azul mexicano regresa a la \u201cU\u201d tras cinco a\u00f1os de dejar la instituci\u00f3n que lo vio nacer futbol\u00edsticamente, <strong>con una cl\u00e1usula de posible compra del pase tras finalizar el pr\u00e9stamo que se estima en poco m\u00e1s de un mill\u00f3n de d\u00f3lares.<\/strong><\/div>\n<div>&nbsp;<\/div>\n<div>El mundialista de Sud\u00e1frica 2010, con razones de sobra, viene a reforzar la defensa azul y, de paso, sellar la temporada de contrataciones siendo la quinta contrataci\u00f3n del semestre.<\/div>\n<div>&nbsp;<\/div>\n<div>En Rinc\u00f3n del Bulla, queremos silenciar la pol\u00e9mica que se arm\u00f3 en los medios nacionales sobre el arribo de Waldo Ponce y el posible disgusto de Sampaoli con Eduardo Morante, quien ser\u00eda la contrataci\u00f3n m\u00e1s cara de nuestro f\u00fatbol, y que ha tenido pocos minutos en cancha, situaci\u00f3n que condenar\u00eda al ecuatoriano a la banca.&nbsp;<\/div>\n<div>&nbsp;<\/div>\n<div>A nuestro juicio, la llegado de Waldo Ponce situar\u00eda una defensa so\u00f1ada, envidia de muchos equipos del medio local. Se tendr\u00eda m\u00ednimo dos esquemas posibles para intercambiar en la \u00faltima l\u00ednea, sobretodo pensando en el exigente calendario que se le viene a la Universidad de Chile. Un plantel de lujo, donde se logra apreciar por parte del cuerpo t\u00e9cnico una intenci\u00f3n de conseguir victorias en los distintos torneos que se disputar\u00e1 durante los siguientes meses.&nbsp;<\/div>\n<div>&nbsp;<\/div>\n<div>&nbsp;<\/div>\n<div><strong>Las vueltas de la vida<\/strong><\/div>\n<div>&nbsp;<\/div>\n<div>Oriundo de Los Andes, Quinta Regi\u00f3n, Waldo Ponce, de 29 a\u00f1os y con m\u00e1s de 30 partidos en la selecci\u00f3n chilena, debut\u00f3 en la \u201cU\u201d el 2001. Dos a\u00f1os despu\u00e9s se fue al Wolfsburgo alem\u00e1n, donde regres\u00f3 nuevamente a los azules. La temporada 2008-2009 al V\u00e9lez Sarfield de Argentina, 2010 en Racing de Santander espa\u00f1ol y del 2011 hasta la fecha en el Cruz Azul de M\u00e9xico. La tercera ser\u00e1 la vencida.<\/div>\n<div>&nbsp;<\/div>\n<div>Quien fuera elegido por la FIFA en el equipo ideal del Mundial de Sud\u00e1frica 2010, tuvo una fuerte lesi\u00f3n que lo tuvo varios meses fuera de las canchas. Se espera que en su arribo aporte con su experiencia en la zaga azul, tras cinco a\u00f1os desde su \u00faltima partida. El Patr\u00f3n, apodo que se gan\u00f3 en las Clasificatorias para el Mundial 2010, con sus 1,84 metros de altura proporciona una seguridad en el juego a\u00e9reo, que se hab\u00eda perdido considerablemente en la \u201cU\u201d tras la migraci\u00f3n al f\u00fatbol brasilero de Marco Gonz\u00e1lez.&nbsp;<\/div>\n<div>&nbsp;<\/div>\n<div><strong>Jorge Sampaoli tendr\u00e1 una defensa contundente, donde ya est\u00e1n Osvaldo Gonz\u00e1lez, Jos\u00e9 Rojas, Igor Lichnovsky, Albert Acevedo, Eduardo Morante y Paulo Magalhaes.&nbsp;<\/strong><\/div>\n","protected":false},"excerpt":{"rendered":"<p>Waldo Ponce se convirti\u00f3 en el quinto y \u00faltimo refuerzo de la \u00abU\u00bb en esta temporada, en lo que la hinchada espera se convierta en una defensa so\u00f1ada.<\/p>\n","protected":false},"author":62,"featured_media":4772,"comment_status":"open","ping_status":"open","sticky":false,"template":"","format":"standard","meta":{"footnotes":""},"categories":[18],"tags":[454,112,64,143],"class_list":{"0":"post-3161","1":"post","2":"type-post","3":"status-publish","4":"format-standard","5":"has-post-thumbnail","7":"category-actualidad","8":"tag-actualidad","9":"tag-clausura-2012","10":"tag-jose-yuraszeck","11":"tag-waldo-ponce"},"_links":{"self":[{"href":"http:\/\/www.rincondelbulla.cl\/portal\/wp-json\/wp\/v2\/posts\/3161","targetHints":{"allow":["GET"]}}],"collection":[{"href":"http:\/\/www.rincondelbulla.cl\/portal\/wp-json\/wp\/v2\/posts"}],"about":[{"href":"http:\/\/www.rincondelbulla.cl\/portal\/wp-json\/wp\/v2\/types\/post"}],"author":[{"embeddable":true,"href":"http:\/\/www.rincondelbulla.cl\/portal\/wp-json\/wp\/v2\/users\/62"}],"replies":[{"embeddable":true,"href":"http:\/\/www.rincondelbulla.cl\/portal\/wp-json\/wp\/v2\/comments?post=3161"}],"version-history":[{"count":0,"href":"http:\/\/www.rincondelbulla.cl\/portal\/wp-json\/wp\/v2\/posts\/3161\/revisions"}],"wp:featuredmedia":[{"embeddable":true,"href":"http:\/\/www.rincondelbulla.cl\/portal\/wp-json\/wp\/v2\/media\/4772"}],"wp:attachment":[{"href":"http:\/\/www.rincondelbulla.cl\/portal\/wp-json\/wp\/v2\/media?parent=3161"}],"wp:term":[{"taxonomy":"category","embeddable":true,"href":"http:\/\/www.rincondelbulla.cl\/portal\/wp-json\/wp\/v2\/categories?post=3161"},{"taxonomy":"post_tag","embeddable":true,"href":"http:\/\/www.rincondelbulla.cl\/portal\/wp-json\/wp\/v2\/tags?post=3161"}],"curies":[{"name":"wp","href":"https:\/\/api.w.org\/{rel}","templated":true}]}}