{"id":3172,"date":"2012-08-09T18:12:32","date_gmt":"2012-08-09T18:12:32","guid":{"rendered":"http:\/\/www.rincondelbulla.cl\/portal\/?p=3172"},"modified":"2012-08-09T18:12:32","modified_gmt":"2012-08-09T18:12:32","slug":"ezequiel-videla-tenemos-seis-partidos-en-lo-que-resta-del-mes-y-debemos-estar-preparados","status":"publish","type":"post","link":"http:\/\/www.rincondelbulla.cl\/portal\/2012\/08\/09\/ezequiel-videla-tenemos-seis-partidos-en-lo-que-resta-del-mes-y-debemos-estar-preparados\/","title":{"rendered":"Ezequiel Videla: \u00abTenemos seis partidos en lo que resta del mes y debemos estar preparados\u00bb"},"content":{"rendered":"<figure id=\"attachment_4783\" aria-describedby=\"caption-attachment-4783\" style=\"width: 460px\" class=\"wp-caption alignnone\"><img loading=\"lazy\" decoding=\"async\" class=\" size-full wp-image-4783\" src=\"http:\/\/www.rincondelbulla.cl\/portal\/wp-content\/uploads\/2012\/08\/5f8718a2f3760ea641b0f7d1f5c788a2.jpg\" alt=\"Foto: Photosport\" class=\"caption\" title=\"Videla resta excusas y centra todo en lo futbol\u00edstico\" width=\"460\" height=\"345\" srcset=\"http:\/\/www.rincondelbulla.cl\/portal\/wp-content\/uploads\/2012\/08\/5f8718a2f3760ea641b0f7d1f5c788a2.jpg 460w, http:\/\/www.rincondelbulla.cl\/portal\/wp-content\/uploads\/2012\/08\/5f8718a2f3760ea641b0f7d1f5c788a2-300x225.jpg 300w, http:\/\/www.rincondelbulla.cl\/portal\/wp-content\/uploads\/2012\/08\/5f8718a2f3760ea641b0f7d1f5c788a2-80x60.jpg 80w, http:\/\/www.rincondelbulla.cl\/portal\/wp-content\/uploads\/2012\/08\/5f8718a2f3760ea641b0f7d1f5c788a2-265x198.jpg 265w\" sizes=\"auto, (max-width: 460px) 100vw, 460px\" \/><figcaption id=\"caption-attachment-4783\" class=\"wp-caption-text\">Videla resta excusas y centra todo en lo futbol\u00edstico<\/figcaption><\/figure>\n<p><strong>El argentino le resta m\u00e9ritos a lo extra futbol\u00edstico y aleja excusas, centrando todo su inter\u00e9s en los duelos que se vienen para la U.<\/strong><\/p>\n<p>En la Universidad de Chile tienen cuerda para rato. M\u00e1s si se les viene un apretado calendario, donde se medir\u00e1n en diferentes competencias, en el plano local y el internacional. En ese sentido, uno de los nuevos, proveniente de Instituto de C\u00f3rdoba, Ezequiel Videla, habl\u00f3 con los medios repasando el triunfo de ayer sobre Palestino y anticipando el duelo del pr\u00f3ximo s\u00e1bado.<\/p>\n<p>Sobre el 3-2, el argentino coment\u00f3 sobre el supuesto relajo tras la primera mitad que puso a los azules adelante en el marcador por tres goles. \u201cSon cosas a mejorar, tenemos un calendario muy duro y hay que estar a la altura de las circunstancias\u201d, dijo el lanudo volante.<\/p>\n<p>El calendario es lo que m\u00e1s complica a los azules. \u00abTenemos seis partidos en lo que resta del mes y debemos estar preparados\u00bb, puntualiz\u00f3 el ex Instituto de C\u00f3rdoba.<\/p>\n<p>Videla, que tuvo una buena jornada la noche de ayer, valor\u00f3 el triunfo, explicando que el nivel de los rivales de debe a que \u201ctodos quieren ganarle a la U\u201d.<\/p>\n<p>En el tema del cuestionado viaje a Jap\u00f3n, Videla le resta pol\u00e9mica. \u201cSer\u00eda f\u00e1cil culparlo (duelo en Asia), pero este equipo est\u00e1 capacitado para correr todo el partido\u201d, sostuvo. \u201cEstamos bien en lo f\u00edsico y en lo mental, as\u00ed que intentaremos hacerlo lo mejor posible\u201d, agreg\u00f3 quien lleg\u00f3 para reforzar a los azules para este semestre.<\/p>\n<p>La Universidad de Chile se medir\u00e1 este s\u00e1bado frente a Cobresal, en condici\u00f3n de visitante, instacia significativa para el volante Ezequiel Videla, que lo vive de manera especial.<\/p>\n<p>\u00abNunca he jugado en altura y mis compa\u00f1eros me dijeron que era complicado, pero estamos bien fisicamente. Ser\u00e1 un duelo muy dif\u00edcil\u00bb, finaliz\u00f3.<\/p>\n","protected":false},"excerpt":{"rendered":"<p>El argentino le resta m\u00e9ritos a lo extra futbol\u00edstico y aleja excusas, centrando todo su inter\u00e9s en los duelos que se vienen para la U. En la Universidad de Chile tienen cuerda para rato. M\u00e1s si se les viene un apretado calendario, donde se medir\u00e1n en diferentes competencias, en el plano local y el internacional. [&#8230;]<\/p>\n","protected":false},"author":62,"featured_media":4783,"comment_status":"open","ping_status":"open","sticky":false,"template":"","format":"standard","meta":{"footnotes":""},"categories":[18],"tags":[],"class_list":{"0":"post-3172","1":"post","2":"type-post","3":"status-publish","4":"format-standard","5":"has-post-thumbnail","7":"category-actualidad"},"_links":{"self":[{"href":"http:\/\/www.rincondelbulla.cl\/portal\/wp-json\/wp\/v2\/posts\/3172","targetHints":{"allow":["GET"]}}],"collection":[{"href":"http:\/\/www.rincondelbulla.cl\/portal\/wp-json\/wp\/v2\/posts"}],"about":[{"href":"http:\/\/www.rincondelbulla.cl\/portal\/wp-json\/wp\/v2\/types\/post"}],"author":[{"embeddable":true,"href":"http:\/\/www.rincondelbulla.cl\/portal\/wp-json\/wp\/v2\/users\/62"}],"replies":[{"embeddable":true,"href":"http:\/\/www.rincondelbulla.cl\/portal\/wp-json\/wp\/v2\/comments?post=3172"}],"version-history":[{"count":0,"href":"http:\/\/www.rincondelbulla.cl\/portal\/wp-json\/wp\/v2\/posts\/3172\/revisions"}],"wp:featuredmedia":[{"embeddable":true,"href":"http:\/\/www.rincondelbulla.cl\/portal\/wp-json\/wp\/v2\/media\/4783"}],"wp:attachment":[{"href":"http:\/\/www.rincondelbulla.cl\/portal\/wp-json\/wp\/v2\/media?parent=3172"}],"wp:term":[{"taxonomy":"category","embeddable":true,"href":"http:\/\/www.rincondelbulla.cl\/portal\/wp-json\/wp\/v2\/categories?post=3172"},{"taxonomy":"post_tag","embeddable":true,"href":"http:\/\/www.rincondelbulla.cl\/portal\/wp-json\/wp\/v2\/tags?post=3172"}],"curies":[{"name":"wp","href":"https:\/\/api.w.org\/{rel}","templated":true}]}}