{"id":3175,"date":"2012-08-15T13:19:02","date_gmt":"2012-08-15T13:19:02","guid":{"rendered":"http:\/\/www.rincondelbulla.cl\/portal\/?p=3175"},"modified":"2012-08-15T13:19:02","modified_gmt":"2012-08-15T13:19:02","slug":"la-u-enfrenta-a-union-la-calera-en-su-debut-en-la-copa-chile","status":"publish","type":"post","link":"http:\/\/www.rincondelbulla.cl\/portal\/2012\/08\/15\/la-u-enfrenta-a-union-la-calera-en-su-debut-en-la-copa-chile\/","title":{"rendered":"La &#8216;U&#8217; enfrenta a Uni\u00f3n La Calera en su debut en la Copa Chile"},"content":{"rendered":"<figure id=\"attachment_4786\" aria-describedby=\"caption-attachment-4786\" style=\"width: 700px\" class=\"wp-caption alignnone\"><img loading=\"lazy\" decoding=\"async\" class=\" size-full wp-image-4786\" src=\"http:\/\/www.rincondelbulla.cl\/portal\/wp-content\/uploads\/2012\/08\/fb1b898795e1f1c82709b54a45a74e9d.jpg\" alt=\"Foto: Patricio Gonz\u00e1lez\" class=\"caption\" title=\"El encuentro se disputar\u00e1 a las 15:30 horas en el Estadio Bicentenario \"Lucio Fari\u00f1a\" de Quillota.\" width=\"700\" height=\"396\" srcset=\"http:\/\/www.rincondelbulla.cl\/portal\/wp-content\/uploads\/2012\/08\/fb1b898795e1f1c82709b54a45a74e9d.jpg 700w, http:\/\/www.rincondelbulla.cl\/portal\/wp-content\/uploads\/2012\/08\/fb1b898795e1f1c82709b54a45a74e9d-300x170.jpg 300w, http:\/\/www.rincondelbulla.cl\/portal\/wp-content\/uploads\/2012\/08\/fb1b898795e1f1c82709b54a45a74e9d-696x394.jpg 696w\" sizes=\"auto, (max-width: 700px) 100vw, 700px\" \/><figcaption id=\"caption-attachment-4786\" class=\"wp-caption-text\">El encuentro se disputar\u00e1 a las 15:30 horas en el Estadio Bicentenario<\/figcaption><\/figure>\n<p><strong>El encuentro se disputar\u00e1 a las 15:30 horas en el Estadio Bicentenario \u00abLucio Fari\u00f1a\u00bb de Quillota.<\/strong> <!--more--> El Estadio Bicentenario \u00abLucio Fari\u00f1a\u00bb de Quillota ser\u00e1 el lugar donde Uni\u00f3n La Calera reciba a Universidad de Chile en el estreno de estos equipo en la Copa Chile 2012. El partido comenzar\u00e1 a las 15:30 horas y ser\u00e1 dirigido por el \u00e1rbitro Carlos Ulloa.<\/p>\n<p>Los dirigidos por Jorge Sampaoli comentaron en la semana que le dar\u00e1n gran importancia a la Copa Chile, ya que el equipo que se la adjudique tiene la posibilidad de ser el \u00fanico en jugar Copa Libertadores y Copa Sudamericana en la misma temporada.<\/p>\n<p>La \u00fanica baja que tendr\u00e1 Universidad de Chile ser\u00e1 Gustavo Lorenzetti, que por precauci\u00f3n no ver\u00e1 acci\u00f3n, as\u00ed se evita que pueda tener problemas con su antigua lesi\u00f3n (fascitis plantar) debido a que el encuentro se disputar\u00e1 en cancha sint\u00e9tica.<\/p>\n<p>S\u00ed tendr\u00eda descanso el meta Johnny Herrera.<\/p>\n<p>El equipo Azul formar\u00eda con <strong>Pablo Garc\u00e9s; Eduardo Morante, Pablo Magalhaes y Albert Acevedo; Mat\u00edas Rodr\u00edguez, Guillermo Marino, Ezequiel Videla y Roberto Cereceda; Pedro Morales, Francisco Castro y Enzo Guti\u00e9rrez.<\/strong><\/p>\n<p>El compromiso entre los \u00abcementeros\u00bb y el equipo \u00ablaico\u00bb corresponde al grupo 6 de la Copa Chile, que lo completan las escuadras de Santiago Morning y Santiago Wanderers.<\/p>\n<p><strong>Fuente:<\/strong> Cooperativa.cl<\/p>\n","protected":false},"excerpt":{"rendered":"<p>El encuentro se disputar\u00e1 a las 15:30 horas en el Estadio Bicentenario \u00abLucio Fari\u00f1a\u00bb de Quillota.<\/p>\n","protected":false},"author":1,"featured_media":4786,"comment_status":"open","ping_status":"open","sticky":false,"template":"","format":"standard","meta":{"footnotes":""},"categories":[18],"tags":[454,144],"class_list":{"0":"post-3175","1":"post","2":"type-post","3":"status-publish","4":"format-standard","5":"has-post-thumbnail","7":"category-actualidad","8":"tag-actualidad","9":"tag-copa-chile-2012"},"_links":{"self":[{"href":"http:\/\/www.rincondelbulla.cl\/portal\/wp-json\/wp\/v2\/posts\/3175","targetHints":{"allow":["GET"]}}],"collection":[{"href":"http:\/\/www.rincondelbulla.cl\/portal\/wp-json\/wp\/v2\/posts"}],"about":[{"href":"http:\/\/www.rincondelbulla.cl\/portal\/wp-json\/wp\/v2\/types\/post"}],"author":[{"embeddable":true,"href":"http:\/\/www.rincondelbulla.cl\/portal\/wp-json\/wp\/v2\/users\/1"}],"replies":[{"embeddable":true,"href":"http:\/\/www.rincondelbulla.cl\/portal\/wp-json\/wp\/v2\/comments?post=3175"}],"version-history":[{"count":0,"href":"http:\/\/www.rincondelbulla.cl\/portal\/wp-json\/wp\/v2\/posts\/3175\/revisions"}],"wp:featuredmedia":[{"embeddable":true,"href":"http:\/\/www.rincondelbulla.cl\/portal\/wp-json\/wp\/v2\/media\/4786"}],"wp:attachment":[{"href":"http:\/\/www.rincondelbulla.cl\/portal\/wp-json\/wp\/v2\/media?parent=3175"}],"wp:term":[{"taxonomy":"category","embeddable":true,"href":"http:\/\/www.rincondelbulla.cl\/portal\/wp-json\/wp\/v2\/categories?post=3175"},{"taxonomy":"post_tag","embeddable":true,"href":"http:\/\/www.rincondelbulla.cl\/portal\/wp-json\/wp\/v2\/tags?post=3175"}],"curies":[{"name":"wp","href":"https:\/\/api.w.org\/{rel}","templated":true}]}}