{"id":3176,"date":"2012-08-15T22:09:50","date_gmt":"2012-08-15T22:09:50","guid":{"rendered":"http:\/\/www.rincondelbulla.cl\/portal\/?p=3176"},"modified":"2012-08-15T22:09:50","modified_gmt":"2012-08-15T22:09:50","slug":"universidad-de-chile-empato-en-su-estreno-por-copa-chile","status":"publish","type":"post","link":"http:\/\/www.rincondelbulla.cl\/portal\/2012\/08\/15\/universidad-de-chile-empato-en-su-estreno-por-copa-chile\/","title":{"rendered":"Universidad de Chile empat\u00f3 en su estreno por Copa Chile"},"content":{"rendered":"<figure id=\"attachment_4787\" aria-describedby=\"caption-attachment-4787\" style=\"width: 700px\" class=\"wp-caption alignnone\"><img loading=\"lazy\" decoding=\"async\" class=\" size-full wp-image-4787\" src=\"http:\/\/www.rincondelbulla.cl\/portal\/wp-content\/uploads\/2012\/08\/0ced72e67e0596cbd3d8867008c7aeee.jpg\" alt=\"Foto: Patricio Gonz\u00e1lez\" class=\"caption\" title=\"La \u201cU\u201d y La Calera no se hicieron da\u00f1o en Copa Chile\" width=\"700\" height=\"396\" srcset=\"http:\/\/www.rincondelbulla.cl\/portal\/wp-content\/uploads\/2012\/08\/0ced72e67e0596cbd3d8867008c7aeee.jpg 700w, http:\/\/www.rincondelbulla.cl\/portal\/wp-content\/uploads\/2012\/08\/0ced72e67e0596cbd3d8867008c7aeee-300x170.jpg 300w, http:\/\/www.rincondelbulla.cl\/portal\/wp-content\/uploads\/2012\/08\/0ced72e67e0596cbd3d8867008c7aeee-696x394.jpg 696w\" sizes=\"auto, (max-width: 700px) 100vw, 700px\" \/><figcaption id=\"caption-attachment-4787\" class=\"wp-caption-text\">La \u201cU\u201d y La Calera no se hicieron da\u00f1o en Copa Chile<\/figcaption><\/figure>\n<p><strong>Uni\u00f3n La Calera y Universidad de Chile igualaron sin goles en el Estadio Bicentenario Lucio Fari\u00f1a de Quillota, en el debut de ambos en el Grupo 6 de la Copa Chile 2012.<\/strong> <!--more--> Universidad de Chile igual\u00f3 este mi\u00e9rcoles 0-0 ante Uni\u00f3n La Calera como forastero, en el Estadio \u00abLucio Fari\u00f1a\u00bb de Quillota, en un encuentro v\u00e1lido por la primera fecha del Grupo 6 de la Copa Chile, que tuvo un pemal perdido para cada lado.<\/p>\n<p>Los dirigidos por Jorge Sampaoli presentaron una mezcla de titulares y suplentes para afrontar este partido.<\/p>\n<p>Durante la primera etapa, el partido fue de tr\u00e1mite parejo, con leve predominio del elenco azul. Francisco Castro y Cristi\u00e1n Bravo tuvieron la oportunidad de batir al meta Lucas Giovini, pero carecieron de la puntada final.<\/p>\n<p>Por su parte, el elenco de Ra\u00fal Toro, esper\u00f3 en su propio campo, tratando de salir en contragolpe y sorprender al portero Paulo Garc\u00e9s.<\/p>\n<p>Cuando se terminaba la primera etapa, el \u00e1rbitro del partido, Carlos Ulloa, sancion\u00f3 lanzamiento penal, por un golpe de Hugo Bascu\u00f1an a Pedro Morales. Y precisamente este \u00faltimo, fue encargado de pararse frente a Giovini, quien de manera magistral ataj\u00f3 el disparo.<\/p>\n<p>En la segunda etapa, el partido fue disputado, con dominio del cuadro de Sampaoli. Sin embargo, en el minuto 51, el zaguero central ecuatoriano, Eduardo Morante, cometi\u00f3 una falta dentro del \u00e1rea, que fue sancionada con tiro desde los doce pasos.<\/p>\n<p>\u00c1ngel Carre\u00f1o, se coloc\u00f3 frente al bal\u00f3n, pero no pudo batir a Garc\u00e9s, envi\u00e1ndola por sobre el travesa\u00f1o.<\/p>\n<p>El cuadro laico intent\u00f3, por todos los medios, de quebrar la igualdad, pero la buena defensa de U. La Calera, mantuvo sin goles su arco.<\/p>\n<p>Con este resultado, ambas escuadras quedaron con una unidad en el Grupo 6 de la Copa Chile, que tambi\u00e9n integran Santiago Morning y el elenco de Arturo Salah.<\/p>\n","protected":false},"excerpt":{"rendered":"<p>Uni\u00f3n La Calera y Universidad de Chile igualaron sin goles en el Estadio Bicentenario Lucio Fari\u00f1a de Quillota, en el debut de ambos en el Grupo 6 de la Copa Chile 2012.<\/p>\n","protected":false},"author":1,"featured_media":4787,"comment_status":"open","ping_status":"open","sticky":false,"template":"","format":"standard","meta":{"footnotes":""},"categories":[18],"tags":[454,144],"class_list":{"0":"post-3176","1":"post","2":"type-post","3":"status-publish","4":"format-standard","5":"has-post-thumbnail","7":"category-actualidad","8":"tag-actualidad","9":"tag-copa-chile-2012"},"_links":{"self":[{"href":"http:\/\/www.rincondelbulla.cl\/portal\/wp-json\/wp\/v2\/posts\/3176","targetHints":{"allow":["GET"]}}],"collection":[{"href":"http:\/\/www.rincondelbulla.cl\/portal\/wp-json\/wp\/v2\/posts"}],"about":[{"href":"http:\/\/www.rincondelbulla.cl\/portal\/wp-json\/wp\/v2\/types\/post"}],"author":[{"embeddable":true,"href":"http:\/\/www.rincondelbulla.cl\/portal\/wp-json\/wp\/v2\/users\/1"}],"replies":[{"embeddable":true,"href":"http:\/\/www.rincondelbulla.cl\/portal\/wp-json\/wp\/v2\/comments?post=3176"}],"version-history":[{"count":0,"href":"http:\/\/www.rincondelbulla.cl\/portal\/wp-json\/wp\/v2\/posts\/3176\/revisions"}],"wp:featuredmedia":[{"embeddable":true,"href":"http:\/\/www.rincondelbulla.cl\/portal\/wp-json\/wp\/v2\/media\/4787"}],"wp:attachment":[{"href":"http:\/\/www.rincondelbulla.cl\/portal\/wp-json\/wp\/v2\/media?parent=3176"}],"wp:term":[{"taxonomy":"category","embeddable":true,"href":"http:\/\/www.rincondelbulla.cl\/portal\/wp-json\/wp\/v2\/categories?post=3176"},{"taxonomy":"post_tag","embeddable":true,"href":"http:\/\/www.rincondelbulla.cl\/portal\/wp-json\/wp\/v2\/tags?post=3176"}],"curies":[{"name":"wp","href":"https:\/\/api.w.org\/{rel}","templated":true}]}}