{"id":3178,"date":"2012-08-16T14:35:07","date_gmt":"2012-08-16T14:35:07","guid":{"rendered":"http:\/\/www.rincondelbulla.cl\/portal\/?p=3178"},"modified":"2012-08-16T14:35:07","modified_gmt":"2012-08-16T14:35:07","slug":"paulo-garces-cada-vez-que-me-toque-la-idea-es-responder","status":"publish","type":"post","link":"http:\/\/www.rincondelbulla.cl\/portal\/2012\/08\/16\/paulo-garces-cada-vez-que-me-toque-la-idea-es-responder\/","title":{"rendered":"Paulo Garc\u00e9s: \u201cCada vez que me toqu\u00e9 la idea es responder\u201d"},"content":{"rendered":"<figure id=\"attachment_4789\" aria-describedby=\"caption-attachment-4789\" style=\"width: 700px\" class=\"wp-caption alignnone\"><img loading=\"lazy\" decoding=\"async\" class=\" size-full wp-image-4789\" src=\"http:\/\/www.rincondelbulla.cl\/portal\/wp-content\/uploads\/2012\/08\/bbf41833b752756eb34a4e07961dc06c.jpg\" alt=\"Foto: Patricio Gonz\u00e1lez\" class=\"caption\" title=\"Paulo Garc\u00e9s: \u201cCada vez que me toqu\u00e9 la idea es responder\u201d\" width=\"700\" height=\"396\" srcset=\"http:\/\/www.rincondelbulla.cl\/portal\/wp-content\/uploads\/2012\/08\/bbf41833b752756eb34a4e07961dc06c.jpg 700w, http:\/\/www.rincondelbulla.cl\/portal\/wp-content\/uploads\/2012\/08\/bbf41833b752756eb34a4e07961dc06c-300x170.jpg 300w, http:\/\/www.rincondelbulla.cl\/portal\/wp-content\/uploads\/2012\/08\/bbf41833b752756eb34a4e07961dc06c-696x394.jpg 696w\" sizes=\"auto, (max-width: 700px) 100vw, 700px\" \/><figcaption id=\"caption-attachment-4789\" class=\"wp-caption-text\">Paulo Garc\u00e9s: \u201cCada vez que me toqu\u00e9 la idea es responder\u201d<\/figcaption><\/figure>\n<p><strong>Contento se mostr\u00f3 el ex cat\u00f3lica, tras el partido sin goles entre azules y cementeros. El portero ataj\u00f3 un penal y tuvo buenas intervenciones en su segundo partido de la temporada defendiendo los colores del Le\u00f3n.<\/strong> <!--more--> A Paulo Garc\u00e9s no le ha sido f\u00e1cil agarrar camiseta en el p\u00f3rtico de la Universidad de Chile, debido por al gran momento que vive Johnny Herrera. Por eso cuando juega todas las miradas est\u00e1n sobre \u00e9l para ver el nivel en que se encuentra. Hoy ante su ex equipo (estuvo seis meses a pr\u00e9stamo) Uni\u00f3n La Calera mostr\u00f3 seguridad y tranquilidad al momento de intervenir en jugadas de riesgo.<\/p>\n<p>Para Garc\u00e9s esa es su idea. Estar preparado para cuando sea requerido por el t\u00e9cnico Jorge Sampaoli.<\/p>\n<p>{mp3}garces_calera1{\/mp3}<\/p>\n<p>Sobre el tr\u00e1mite del partido Garc\u00e9s se\u00f1al\u00f3 que el segundo tiempo se levant\u00f3 el nivel de juego, pero que no alcanz\u00f3 para llevarse los tres puntos, que era la idea del Cuadro M\u00e1gico<\/p>\n<p>{mp3}garces_calera2{\/mp3}<\/p>\n<p>Airoso sali\u00f3 del Lucio Fari\u00f1a de Quillota Paulo Garc\u00e9s en su segundo partido por la Universidad de Chile, incluso se dio el lujo de taparle un penal a su ex compa\u00f1ero der equipo en Calera y Cat\u00f3lica.<\/p>\n","protected":false},"excerpt":{"rendered":"<p>Contento se mostr\u00f3 el ex cat\u00f3lica, tras el partido sin goles entre azules y cementeros. El portero ataj\u00f3 un penal y tuvo buenas intervenciones en su segundo partido de la temporada defendiendo los colores del Le\u00f3n.<\/p>\n","protected":false},"author":63,"featured_media":4789,"comment_status":"open","ping_status":"open","sticky":false,"template":"","format":"standard","meta":{"footnotes":""},"categories":[18],"tags":[454,144,115],"class_list":{"0":"post-3178","1":"post","2":"type-post","3":"status-publish","4":"format-standard","5":"has-post-thumbnail","7":"category-actualidad","8":"tag-actualidad","9":"tag-copa-chile-2012","10":"tag-paulo-garces"},"_links":{"self":[{"href":"http:\/\/www.rincondelbulla.cl\/portal\/wp-json\/wp\/v2\/posts\/3178","targetHints":{"allow":["GET"]}}],"collection":[{"href":"http:\/\/www.rincondelbulla.cl\/portal\/wp-json\/wp\/v2\/posts"}],"about":[{"href":"http:\/\/www.rincondelbulla.cl\/portal\/wp-json\/wp\/v2\/types\/post"}],"author":[{"embeddable":true,"href":"http:\/\/www.rincondelbulla.cl\/portal\/wp-json\/wp\/v2\/users\/63"}],"replies":[{"embeddable":true,"href":"http:\/\/www.rincondelbulla.cl\/portal\/wp-json\/wp\/v2\/comments?post=3178"}],"version-history":[{"count":0,"href":"http:\/\/www.rincondelbulla.cl\/portal\/wp-json\/wp\/v2\/posts\/3178\/revisions"}],"wp:featuredmedia":[{"embeddable":true,"href":"http:\/\/www.rincondelbulla.cl\/portal\/wp-json\/wp\/v2\/media\/4789"}],"wp:attachment":[{"href":"http:\/\/www.rincondelbulla.cl\/portal\/wp-json\/wp\/v2\/media?parent=3178"}],"wp:term":[{"taxonomy":"category","embeddable":true,"href":"http:\/\/www.rincondelbulla.cl\/portal\/wp-json\/wp\/v2\/categories?post=3178"},{"taxonomy":"post_tag","embeddable":true,"href":"http:\/\/www.rincondelbulla.cl\/portal\/wp-json\/wp\/v2\/tags?post=3178"}],"curies":[{"name":"wp","href":"https:\/\/api.w.org\/{rel}","templated":true}]}}