{"id":3179,"date":"2012-08-16T18:22:34","date_gmt":"2012-08-16T18:22:34","guid":{"rendered":"http:\/\/www.rincondelbulla.cl\/portal\/?p=3179"},"modified":"2012-08-16T18:22:34","modified_gmt":"2012-08-16T18:22:34","slug":"waldo-ponce-y-regreso-a-la-u-me-siento-como-en-casa","status":"publish","type":"post","link":"http:\/\/www.rincondelbulla.cl\/portal\/2012\/08\/16\/waldo-ponce-y-regreso-a-la-u-me-siento-como-en-casa\/","title":{"rendered":"Waldo Ponce y regreso a la U: \u201cMe siento como en casa\u201d"},"content":{"rendered":"<figure id=\"attachment_4790\" aria-describedby=\"caption-attachment-4790\" style=\"width: 243px\" class=\"wp-caption alignnone\"><img loading=\"lazy\" decoding=\"async\" class=\" size-full wp-image-4790\" src=\"http:\/\/www.rincondelbulla.cl\/portal\/wp-content\/uploads\/2012\/08\/657a61d5be38e5f09dbe4ec92d0584ab.jpg\" alt=\"Foto: El Mercurio\" class=\"caption\" title=\"Ponce oficializ\u00f3 su retorno a la \"U\"\" width=\"243\" height=\"300\" \/><figcaption id=\"caption-attachment-4790\" class=\"wp-caption-text\">Ponce oficializ\u00f3 su retorno a la<\/figcaption><\/figure>\n<div><strong>El oriundo de Los Andes oficializ\u00f3 su retorno al conjunto azul, que se hab\u00eda anticipado hace un par de semanas, en ceremonia tradicional en el CDA.<\/strong><\/div>\n<div>&nbsp;<\/div>\n<div>Cuando en Universidad de Chile se debaten por el paso de delantero \u00c1ngelo Henr\u00edquez a los \u201cDiablos rojos\u201d de Manchesters, en el Centro Deportivo Azul Azul (CDA) aprovecharon de oficializar la llegada de uno que se hab\u00eda anunciado desde hace unas semanas. Se trata del defensor, Waldo Ponce, quien se transforma as\u00ed en el \u00faltimo refuerzo para la temporada.&nbsp;<\/div>\n<div>&nbsp;<\/div>\n<div>En la tradicional ceremonia, Ponce se mostr\u00f3 entusiasmado con la reincorporaci\u00f3n al equipo que lo vio nacer futbol\u00edsticamente.&nbsp;<\/div>\n<div>&nbsp;<\/div>\n<div><strong>\u201cEstoy muy contento de poder estar ac\u00e1, me siento como en mi casa y estoy muy agradecido por la disposici\u00f3n de la \u201cU\u201d y del cuerpo t\u00e9cnico para poder contratarme\u201d<\/strong>, anticip\u00f3 el tambi\u00e9n seleccionado nacional.&nbsp;<\/div>\n<div>&nbsp;<\/div>\n<div><strong>\u201cSer\u00e1 un desaf\u00edo importante y espero darlo todo para que el equipo siga con los triunfos\u201d<\/strong>, continu\u00f3 el mundialista de Sud\u00e1frica 2010.&nbsp;<\/div>\n<div>&nbsp;<\/div>\n<div>Waldo Ponce, de 29 a\u00f1os, viene del Cruz Azul de M\u00e9xico para potenciar la defensa azul de cara al exigente calendario que se le viene a los dirigidos por Jorge Sampaoli. Viene recuper\u00e1ndose de una porfiada lesi\u00f3n que lo mantuvo durante un largo tiempo fuera de las canchas y ya se dispone a las indicaciones del cuerpo t\u00e9cnico.&nbsp;<\/div>\n","protected":false},"excerpt":{"rendered":"<p>El oriundo de Los Andes oficializ\u00f3 su retorno al conjunto azul, que se hab\u00eda anticipado hace un par de semanas, en ceremonia tradicional en el CDA. &nbsp; Cuando en Universidad de Chile se debaten por el paso de delantero \u00c1ngelo Henr\u00edquez a los \u201cDiablos rojos\u201d de Manchesters, en el Centro Deportivo Azul Azul (CDA) aprovecharon [&#8230;]<\/p>\n","protected":false},"author":62,"featured_media":4790,"comment_status":"open","ping_status":"open","sticky":false,"template":"","format":"standard","meta":{"footnotes":""},"categories":[18],"tags":[],"class_list":{"0":"post-3179","1":"post","2":"type-post","3":"status-publish","4":"format-standard","5":"has-post-thumbnail","7":"category-actualidad"},"_links":{"self":[{"href":"http:\/\/www.rincondelbulla.cl\/portal\/wp-json\/wp\/v2\/posts\/3179","targetHints":{"allow":["GET"]}}],"collection":[{"href":"http:\/\/www.rincondelbulla.cl\/portal\/wp-json\/wp\/v2\/posts"}],"about":[{"href":"http:\/\/www.rincondelbulla.cl\/portal\/wp-json\/wp\/v2\/types\/post"}],"author":[{"embeddable":true,"href":"http:\/\/www.rincondelbulla.cl\/portal\/wp-json\/wp\/v2\/users\/62"}],"replies":[{"embeddable":true,"href":"http:\/\/www.rincondelbulla.cl\/portal\/wp-json\/wp\/v2\/comments?post=3179"}],"version-history":[{"count":0,"href":"http:\/\/www.rincondelbulla.cl\/portal\/wp-json\/wp\/v2\/posts\/3179\/revisions"}],"wp:featuredmedia":[{"embeddable":true,"href":"http:\/\/www.rincondelbulla.cl\/portal\/wp-json\/wp\/v2\/media\/4790"}],"wp:attachment":[{"href":"http:\/\/www.rincondelbulla.cl\/portal\/wp-json\/wp\/v2\/media?parent=3179"}],"wp:term":[{"taxonomy":"category","embeddable":true,"href":"http:\/\/www.rincondelbulla.cl\/portal\/wp-json\/wp\/v2\/categories?post=3179"},{"taxonomy":"post_tag","embeddable":true,"href":"http:\/\/www.rincondelbulla.cl\/portal\/wp-json\/wp\/v2\/tags?post=3179"}],"curies":[{"name":"wp","href":"https:\/\/api.w.org\/{rel}","templated":true}]}}