{"id":3186,"date":"2012-08-21T20:27:13","date_gmt":"2012-08-21T20:27:13","guid":{"rendered":"http:\/\/www.rincondelbulla.cl\/portal\/?p=3186"},"modified":"2012-08-21T20:27:13","modified_gmt":"2012-08-21T20:27:13","slug":"jorge-sampaoli-santos-sera-mas-complicado-que-boca","status":"publish","type":"post","link":"http:\/\/www.rincondelbulla.cl\/portal\/2012\/08\/21\/jorge-sampaoli-santos-sera-mas-complicado-que-boca\/","title":{"rendered":"Jorge Sampaoli: \u00abSantos ser\u00e1 m\u00e1s complicado que Boca\u00bb"},"content":{"rendered":"<figure id=\"attachment_4797\" aria-describedby=\"caption-attachment-4797\" style=\"width: 700px\" class=\"wp-caption alignnone\"><img loading=\"lazy\" decoding=\"async\" class=\" size-full wp-image-4797\" src=\"http:\/\/www.rincondelbulla.cl\/portal\/wp-content\/uploads\/2012\/08\/3fc2270e36abb53621f286382276e85e.jpg\" alt=\"Foto: Claudio C\u00e1ceres\" class=\"caption\" title=\"Adem\u00e1s descart\u00f3 a Gonz\u00e1lez y recalc\u00f3 que deben ser flexibles para defender\" width=\"700\" height=\"396\" srcset=\"http:\/\/www.rincondelbulla.cl\/portal\/wp-content\/uploads\/2012\/08\/3fc2270e36abb53621f286382276e85e.jpg 700w, http:\/\/www.rincondelbulla.cl\/portal\/wp-content\/uploads\/2012\/08\/3fc2270e36abb53621f286382276e85e-300x170.jpg 300w, http:\/\/www.rincondelbulla.cl\/portal\/wp-content\/uploads\/2012\/08\/3fc2270e36abb53621f286382276e85e-696x394.jpg 696w\" sizes=\"auto, (max-width: 700px) 100vw, 700px\" \/><figcaption id=\"caption-attachment-4797\" class=\"wp-caption-text\">Adem\u00e1s descart\u00f3 a Gonz\u00e1lez y recalc\u00f3 que deben ser flexibles para defender<\/figcaption><\/figure>\n<p><strong>El t\u00e9cnico de Universidad de Chile dej\u00f3 en claro que para vencer al cuadro brasile\u00f1o por la Recopa deber\u00e1n jugar mejor que ante los &#8216;xenezies&#8217;, rival con el que perdieron en la semifinal de la Libertadores. Adem\u00e1s descart\u00f3 a Gonz\u00e1lez y recalc\u00f3 que deben ser flexibles para defender.<\/strong> <!--more--> A horas de la final de ida de la Recopa, en Universidad de Chile respiran ansiedad, ya que uno de sus objetivos para este semestre es quedarse con el trofeo. Al frente eso s\u00ed estar\u00e1 Santos, uno de los mejores equipos del continente y que cuenta en sus filas con figuras de la selecci\u00f3n brasile\u00f1a. Es por eso que en la &#8216;U&#8217; no dudan en catalogar el pleito como uno de los m\u00e1s complicados del a\u00f1o.<\/p>\n<p>\u00abEste partido es m\u00e1s dif\u00edcil que el de Boca, porque Santos tiene hoy mejores jugadores que Boca. Este Santos tiene de los mejores jugadores del mundo, como Neymar, Ganso, y eso te da cierto handicap\u00bb, se\u00f1al\u00f3 Sampaoli, aclarando eso s\u00ed que a este cotejo llegan mejor preparados que a esa semifinal ante los &#8216;xeneizes&#8217; en La Bombonera que perdieron 2-0.<\/p>\n<p>\u00abAnte Boca perdimos porque llegamos muy mal preparados. Fuimos con muy pocas posibilidades a Buenos Aires. Ahora no, hemos trabajado bien y con tiempo\u00bb, apunt\u00f3 Sampaolil haciendo referencia a que varios de sus titulares llegaron sobre el partido despu\u00e9s de los compromisos con la Selecci\u00f3n.<\/p>\n<p>Y una de las cosas que ha trabajado Sampaoli es c\u00f3mo detener al &#8216;Peixe&#8217;, tanto colectiva como individualmente. En la &#8216;U&#8217; tienen claro la cantidad de variantes que manejan los brasile\u00f1os y es por eso que ya practicaron un sistema defensivo que les permita jam\u00e1s quedar mano a mano.<\/p>\n<p>\u00abEstamos trabajando ciertas combinaciones que nos permitan contrarrestar lo bueno jugadores que son. Necesitamos un equipo flexible porque ellos cambian mucho sus sistema de ataque. Normalmente van variando y eso implica que nosotros tambi\u00e9n debemos cambiar. La idea es siempre defender con un jugador m\u00e1s que ellos\u00bb, se\u00f1al\u00f3 el estratega.<\/p>\n<p><strong>GONZ\u00c1LEZ FUERA, MART\u00cdNEZ S\u00cd O S\u00cd<\/strong><\/p>\n<p>Buscando esa flexibilidad es que Sampaoli a\u00fan no define el once inicial. La lesi\u00f3n de Osvaldo Gonz\u00e1lez -sufre una pubalgia- obliga a buscar alternativas y dos podr\u00edan ser sus reemplazantes, Paulo Magalhaes o Sebasti\u00e1n Mart\u00ednez. Este \u00faltimo en todo caso ya tiene un lugar entre los titulares, ya que si no es de central, jugar\u00e1 en la mitad junto a Charles Ar\u00e1nguiz.<\/p>\n<p>Sampaoli adem\u00e1s descart\u00f3 a Civelli -pubalgia- y le dio m\u00ednimas chances a Sebasti\u00e1n Ubilla -problema en la espalda- pese a que igual estar\u00e1 concentrado. Pese a esas bajas, el entrenador argentino est\u00e1 ilusionado con el pleito, algo que tambi\u00e9n est\u00e1 impregnado en todo el plantel.<\/p>\n<p>\u00abEstamos ilusionado ante un rival que todos quieren jugar. As\u00ed lo siente el plantel. Lo importante es jugar bien, porque este tipo de equipos no te da dos chances\u00bb, apunt\u00f3 Sampaoli.<\/p>\n<p>De esta manera, Universidad de Chile formar\u00eda con<strong> Johnny Herrera; Paulo Magalhaes (Sebasti\u00e1n Mart\u00ednez), Albert Acevedo, Jos\u00e9 Rojas y Eugenio Mena; Mat\u00edas Rodr\u00edguez, Sebasti\u00e1n Mart\u00ednez (Ezequiel Videla), Charles Ar\u00e1nguiz y Guillermo Marino; Enzo Guti\u00e9rrez y Gustavo Lorenzetti.<\/strong><\/p>\n<p><strong>Fuente: <\/strong>Prensafutbol.cl<\/p>\n","protected":false},"excerpt":{"rendered":"<p>El t\u00e9cnico de Universidad de Chile dej\u00f3 en claro que para vencer al cuadro brasile\u00f1o por la Recopa deber\u00e1n jugar mejor que ante los &#8216;xenezies&#8217;, rival con el que perdieron en la semifinal de la Libertadores. Adem\u00e1s descart\u00f3 a Gonz\u00e1lez y recalc\u00f3 que deben ser flexibles para defender.<\/p>\n","protected":false},"author":1,"featured_media":4797,"comment_status":"open","ping_status":"open","sticky":false,"template":"","format":"standard","meta":{"footnotes":""},"categories":[18],"tags":[454,40,113],"class_list":{"0":"post-3186","1":"post","2":"type-post","3":"status-publish","4":"format-standard","5":"has-post-thumbnail","7":"category-actualidad","8":"tag-actualidad","9":"tag-jorge-sampaoli","10":"tag-recopa-sudamericana-2012"},"_links":{"self":[{"href":"http:\/\/www.rincondelbulla.cl\/portal\/wp-json\/wp\/v2\/posts\/3186","targetHints":{"allow":["GET"]}}],"collection":[{"href":"http:\/\/www.rincondelbulla.cl\/portal\/wp-json\/wp\/v2\/posts"}],"about":[{"href":"http:\/\/www.rincondelbulla.cl\/portal\/wp-json\/wp\/v2\/types\/post"}],"author":[{"embeddable":true,"href":"http:\/\/www.rincondelbulla.cl\/portal\/wp-json\/wp\/v2\/users\/1"}],"replies":[{"embeddable":true,"href":"http:\/\/www.rincondelbulla.cl\/portal\/wp-json\/wp\/v2\/comments?post=3186"}],"version-history":[{"count":0,"href":"http:\/\/www.rincondelbulla.cl\/portal\/wp-json\/wp\/v2\/posts\/3186\/revisions"}],"wp:featuredmedia":[{"embeddable":true,"href":"http:\/\/www.rincondelbulla.cl\/portal\/wp-json\/wp\/v2\/media\/4797"}],"wp:attachment":[{"href":"http:\/\/www.rincondelbulla.cl\/portal\/wp-json\/wp\/v2\/media?parent=3186"}],"wp:term":[{"taxonomy":"category","embeddable":true,"href":"http:\/\/www.rincondelbulla.cl\/portal\/wp-json\/wp\/v2\/categories?post=3186"},{"taxonomy":"post_tag","embeddable":true,"href":"http:\/\/www.rincondelbulla.cl\/portal\/wp-json\/wp\/v2\/tags?post=3186"}],"curies":[{"name":"wp","href":"https:\/\/api.w.org\/{rel}","templated":true}]}}