{"id":3196,"date":"2012-08-28T15:47:53","date_gmt":"2012-08-28T15:47:53","guid":{"rendered":"http:\/\/www.rincondelbulla.cl\/portal\/?p=3196"},"modified":"2012-08-28T15:47:53","modified_gmt":"2012-08-28T15:47:53","slug":"la-u-libero-a-jugadores-para-que-se-integren-a-la-roja","status":"publish","type":"post","link":"http:\/\/www.rincondelbulla.cl\/portal\/2012\/08\/28\/la-u-libero-a-jugadores-para-que-se-integren-a-la-roja\/","title":{"rendered":"La &#8216;U&#8217; liber\u00f3 a jugadores para que se integren a la &#8216;Roja&#8217;"},"content":{"rendered":"<figure id=\"attachment_4807\" aria-describedby=\"caption-attachment-4807\" style=\"width: 700px\" class=\"wp-caption alignnone\"><img loading=\"lazy\" decoding=\"async\" class=\" size-full wp-image-4807\" src=\"http:\/\/www.rincondelbulla.cl\/portal\/wp-content\/uploads\/2012\/08\/7d2b44e1acb81d8cdd76dd8b774e17df.jpg\" alt=\"Foto: REUTERS\" class=\"caption\" title=\"La 'U' liber\u00f3 a jugadores para que se integren a la 'Roja'\" width=\"700\" height=\"396\" srcset=\"http:\/\/www.rincondelbulla.cl\/portal\/wp-content\/uploads\/2012\/08\/7d2b44e1acb81d8cdd76dd8b774e17df.jpg 700w, http:\/\/www.rincondelbulla.cl\/portal\/wp-content\/uploads\/2012\/08\/7d2b44e1acb81d8cdd76dd8b774e17df-300x170.jpg 300w, http:\/\/www.rincondelbulla.cl\/portal\/wp-content\/uploads\/2012\/08\/7d2b44e1acb81d8cdd76dd8b774e17df-696x394.jpg 696w\" sizes=\"auto, (max-width: 700px) 100vw, 700px\" \/><figcaption id=\"caption-attachment-4807\" class=\"wp-caption-text\">La &#8216;U&#8217; liber\u00f3 a jugadores para que se integren a la &#8216;Roja&#8217;<\/figcaption><\/figure>\n<p><strong>Universidad de Chile inform\u00f3 que decidi\u00f3 \u00abunilateralmente\u00bb liberar a sus seleccionados que fueron marginados este lunes por el cuerpo t\u00e9cnico de la Selecci\u00f3n, para que se integren a los trabajos en Juan Pinto Dur\u00e1n el lunes 2 de septiembre. La palabra ahora la tiene Borghi.<\/strong> <!--more--> El gallito contin\u00faa entre Universidad de Chile y la Selecci\u00f3n. Ahora, los azules informaron que los jugadores que este lunes fueron marginados por Claudio Borghi de la n\u00f3mina que enfrentar\u00e1 a Colombia el pr\u00f3ximo 11 de septimbre, ser\u00e1n liberados \u00abunilateralmente\u00bb para el compromiso.<\/p>\n<p>La &#8216;U&#8217; pidi\u00f3 que sus jugadores estuvieran en el pleito ante Cobreloa. Claudio Borghi neg\u00f3 cualquier permiso y ante los llamados de los directivos laicos dej\u00f3 fuera de la citaci\u00f3n a Jos\u00e9 Rojas, Osvaldo Gonz\u00e1lez, Eugenio Mena y Charles Ar\u00e1nguiz. Desde el CDA se aleg\u00f3 un acuerdo con la ANFP y que ellos no ten\u00edan culpa de que en Juan Pinto Dur\u00e1n no supieran.<\/p>\n<p>Eso hasta este lunes por la noche. Este martes cerca del mediod\u00eda, Universidad de Chile envi\u00f3 el siguiente comunicado:<\/p>\n<p><strong>COMUNICADO DE PRENSA<\/strong><\/p>\n<p>Reafirmando su total compromiso con la Selecci\u00f3n Nacional de F\u00fatbol, el Club Universidad de Chile informa que ha decidido liberar unilateralmente a los jugadores Charles Ar\u00e1nguiz, Jos\u00e9 Rojas, Eugenio Mena y Osvaldo Gonz\u00e1lez, para que integren la convocatoria de la selecci\u00f3n chilena para el partido eliminatorio con Colombia, a disputarse el 11 de septiembre pr\u00f3ximo.<\/p>\n<p>Pese a que exist\u00eda un ofrecimiento de parte de la Asociaci\u00f3n Nacional de Futbol a nuestro Club para liberar a nuestros jugadores despu\u00e9s del partido con Cobreloa -el cual lamentamos que no se concrete- consideramos que es m\u00e1s importante que nuestros seleccionados participen y sean alternativas para el seleccionador nacional, Claudio Borghi, quien por razones que desconocemos \u2013y que no nos han sido comunicadas- no habr\u00eda sido informado del ofrecimiento de la ANFP a nuestro club.<\/p>\n<p>Como hemos se\u00f1alado reiteradamente, para nuestra instituci\u00f3n es una prioridad contribuir con el trabajo de la selecci\u00f3n chilena, donde nuestros jugadores han participado de manera activa durante el actual proceso clasificatorio.<\/p>\n<p>Si bien, producto de compromisos nacionales e internacionales, se han hecho solicitudes que permitan compatibilizar los trabajos de ambos planteles, nunca y en ninguna de sus categor\u00edas, se ha negado que un jugador del Club Universidad de Chile se integre a la selecci\u00f3n chilena.<\/p>\n<p><strong>Fuente:<\/strong> Prensafutbol.cl<\/p>\n","protected":false},"excerpt":{"rendered":"<p>Universidad de Chile inform\u00f3 que decidi\u00f3 \u00abunilateralmente\u00bb liberar a sus seleccionados que fueron marginados este lunes por el cuerpo t\u00e9cnico de la Selecci\u00f3n, para que se integren a los trabajos en Juan Pinto Dur\u00e1n el lunes 2 de septiembre. La palabra ahora la tiene Borghi.<\/p>\n","protected":false},"author":1,"featured_media":4807,"comment_status":"open","ping_status":"open","sticky":false,"template":"","format":"standard","meta":{"footnotes":""},"categories":[18],"tags":[454,53],"class_list":{"0":"post-3196","1":"post","2":"type-post","3":"status-publish","4":"format-standard","5":"has-post-thumbnail","7":"category-actualidad","8":"tag-actualidad","9":"tag-seleccion-chilena"},"_links":{"self":[{"href":"http:\/\/www.rincondelbulla.cl\/portal\/wp-json\/wp\/v2\/posts\/3196","targetHints":{"allow":["GET"]}}],"collection":[{"href":"http:\/\/www.rincondelbulla.cl\/portal\/wp-json\/wp\/v2\/posts"}],"about":[{"href":"http:\/\/www.rincondelbulla.cl\/portal\/wp-json\/wp\/v2\/types\/post"}],"author":[{"embeddable":true,"href":"http:\/\/www.rincondelbulla.cl\/portal\/wp-json\/wp\/v2\/users\/1"}],"replies":[{"embeddable":true,"href":"http:\/\/www.rincondelbulla.cl\/portal\/wp-json\/wp\/v2\/comments?post=3196"}],"version-history":[{"count":0,"href":"http:\/\/www.rincondelbulla.cl\/portal\/wp-json\/wp\/v2\/posts\/3196\/revisions"}],"wp:featuredmedia":[{"embeddable":true,"href":"http:\/\/www.rincondelbulla.cl\/portal\/wp-json\/wp\/v2\/media\/4807"}],"wp:attachment":[{"href":"http:\/\/www.rincondelbulla.cl\/portal\/wp-json\/wp\/v2\/media?parent=3196"}],"wp:term":[{"taxonomy":"category","embeddable":true,"href":"http:\/\/www.rincondelbulla.cl\/portal\/wp-json\/wp\/v2\/categories?post=3196"},{"taxonomy":"post_tag","embeddable":true,"href":"http:\/\/www.rincondelbulla.cl\/portal\/wp-json\/wp\/v2\/tags?post=3196"}],"curies":[{"name":"wp","href":"https:\/\/api.w.org\/{rel}","templated":true}]}}