{"id":3197,"date":"2012-08-28T18:00:49","date_gmt":"2012-08-28T18:00:49","guid":{"rendered":"http:\/\/www.rincondelbulla.cl\/portal\/?p=3197"},"modified":"2012-08-28T18:00:49","modified_gmt":"2012-08-28T18:00:49","slug":"sampaoli-y-polemica-de-los-convocados-los-unicos-perjudicados-son-los-jugadores","status":"publish","type":"post","link":"http:\/\/www.rincondelbulla.cl\/portal\/2012\/08\/28\/sampaoli-y-polemica-de-los-convocados-los-unicos-perjudicados-son-los-jugadores\/","title":{"rendered":"Sampaoli y pol\u00e9mica de los convocados: \u201cLos \u00fanicos perjudicados son los jugadores\u201d"},"content":{"rendered":"<figure id=\"attachment_4808\" aria-describedby=\"caption-attachment-4808\" style=\"width: 645px\" class=\"wp-caption alignnone\"><img loading=\"lazy\" decoding=\"async\" class=\" size-full wp-image-4808\" src=\"http:\/\/www.rincondelbulla.cl\/portal\/wp-content\/uploads\/2012\/08\/edb2eb909582e38e8cd4129b39e59914.jpg\" alt=\"Foto: Claudio C\u00e1ceres\" class=\"caption\" title=\"Sampaoli quiere cerrar pol\u00e9mica de los convocados a la Selecci\u00f3n\" width=\"645\" height=\"365\" srcset=\"http:\/\/www.rincondelbulla.cl\/portal\/wp-content\/uploads\/2012\/08\/edb2eb909582e38e8cd4129b39e59914.jpg 645w, http:\/\/www.rincondelbulla.cl\/portal\/wp-content\/uploads\/2012\/08\/edb2eb909582e38e8cd4129b39e59914-300x170.jpg 300w\" sizes=\"auto, (max-width: 645px) 100vw, 645px\" \/><figcaption id=\"caption-attachment-4808\" class=\"wp-caption-text\">Sampaoli quiere cerrar pol\u00e9mica de los convocados a la Selecci\u00f3n<\/figcaption><\/figure>\n<div><strong>El rosarino inform\u00f3 la determinaci\u00f3n que dio origen al comunicado entregado por Azul Azul donde se autorizaba la nominaci\u00f3n de los jugadores de la \u201cU\u201d, y de paso se mostr\u00f3 molesto por la pol\u00e9mica armada sobre el asunto.<\/strong> <!--more--> La pol\u00e9mica del d\u00eda se hab\u00eda armado. El DT de la Selecci\u00f3n chilena, Claudio Borghi comunicaba que los jugadores azules no ser\u00edan convocados para el duelo del pr\u00f3ximo 11 de septiembre frente a Colombia, producto del pleito que se form\u00f3 para que el plantel de la Universidad de Chile se mantuviera intacto hasta despu\u00e9s del duelo contra Cobreloa, d\u00edas antes del choque por clasificatorias al Mundial 2014.&nbsp;<\/div>\n<div>&nbsp;<\/div>\n<div>Esta ma\u00f1ana un comunicado de Azul Azul descalificaba todo, y autorizaba la convocaci\u00f3n de los jugadores azules, en un enredo de aquellos. Pero si esto no fuera poco, el propio director t\u00e9cnico de &nbsp;la \u201cU\u201d, Jorge Sampaoli, sali\u00f3 a enfrentar el embrollo que se arm\u00f3 tras el anuncio de no convocar a Mena, Ar\u00e1nguiz, Gonz\u00e1lez y Rojas en la cita clasificatoria.&nbsp;<\/div>\n<div>&nbsp;<\/div>\n<div>De partida, Sampaoli anticip\u00f3 desconocer el asunto desde su inicio. <strong>\u201cCuando me enter\u00e9, decid\u00ed comunicar que los jugadores convocados a la selecci\u00f3n no vayan a Calama para que puedan estar disponibles y para eso se mand\u00f3 un comunicado oficial\u201d<\/strong>, coment\u00f3 en la rueda de prensa en el CDA el rosarino.<\/div>\n<div>&nbsp;<\/div>\n<div>El t\u00e9cnico se ha mostrado siempre part\u00edcipe de las convocatorias por la Selecci\u00f3n y esta no fue una ocasi\u00f3n para seguir otro rumbo. <strong>\u201cLo que menos queremos es que nuestros jugadores sean desconvocados, porque es importante jugar con la camiseta del pa\u00eds\u201d<\/strong>, se\u00f1al\u00f3 el estratega azul.<\/div>\n<div>&nbsp;<\/div>\n<div>Finalmente, Sampaoli fue enf\u00e1tico en indicar su principal inquietud sobre el asunto. <strong>\u201cA m\u00ed lo que me molesta es que los \u00fanicos perjudicados son los jugadores\u201d,<\/strong> puntualiz\u00f3.&nbsp;<\/div>\n<div>&nbsp;<\/div>\n<div>Pasando al plano netamente futbol\u00edstico, tras la ca\u00edda del pasado fin de semana la Universidad de Chile ya se enfoca solamente en sus pr\u00f3ximos desaf\u00edos. Dando vuelta la p\u00e1gina, este mi\u00e9rcoles los azules se ponen al d\u00eda en el Torneo de Clausura con la quinta fecha, enfrentando a O\u2019 Higgins de Rancagua. El duelo se fij\u00f3 para las 20 horas en el estadio Santa Laura.&nbsp;<\/div>\n","protected":false},"excerpt":{"rendered":"<p>El rosarino inform\u00f3 la determinaci\u00f3n que dio origen al comunicado entregado por Azul Azul donde se autorizaba la nominaci\u00f3n de los jugadores de la \u201cU\u201d, y de paso se mostr\u00f3 molesto por la pol\u00e9mica armada sobre el asunto.<\/p>\n","protected":false},"author":62,"featured_media":4808,"comment_status":"open","ping_status":"open","sticky":false,"template":"","format":"standard","meta":{"footnotes":""},"categories":[18],"tags":[454,40,53],"class_list":{"0":"post-3197","1":"post","2":"type-post","3":"status-publish","4":"format-standard","5":"has-post-thumbnail","7":"category-actualidad","8":"tag-actualidad","9":"tag-jorge-sampaoli","10":"tag-seleccion-chilena"},"_links":{"self":[{"href":"http:\/\/www.rincondelbulla.cl\/portal\/wp-json\/wp\/v2\/posts\/3197","targetHints":{"allow":["GET"]}}],"collection":[{"href":"http:\/\/www.rincondelbulla.cl\/portal\/wp-json\/wp\/v2\/posts"}],"about":[{"href":"http:\/\/www.rincondelbulla.cl\/portal\/wp-json\/wp\/v2\/types\/post"}],"author":[{"embeddable":true,"href":"http:\/\/www.rincondelbulla.cl\/portal\/wp-json\/wp\/v2\/users\/62"}],"replies":[{"embeddable":true,"href":"http:\/\/www.rincondelbulla.cl\/portal\/wp-json\/wp\/v2\/comments?post=3197"}],"version-history":[{"count":0,"href":"http:\/\/www.rincondelbulla.cl\/portal\/wp-json\/wp\/v2\/posts\/3197\/revisions"}],"wp:featuredmedia":[{"embeddable":true,"href":"http:\/\/www.rincondelbulla.cl\/portal\/wp-json\/wp\/v2\/media\/4808"}],"wp:attachment":[{"href":"http:\/\/www.rincondelbulla.cl\/portal\/wp-json\/wp\/v2\/media?parent=3197"}],"wp:term":[{"taxonomy":"category","embeddable":true,"href":"http:\/\/www.rincondelbulla.cl\/portal\/wp-json\/wp\/v2\/categories?post=3197"},{"taxonomy":"post_tag","embeddable":true,"href":"http:\/\/www.rincondelbulla.cl\/portal\/wp-json\/wp\/v2\/tags?post=3197"}],"curies":[{"name":"wp","href":"https:\/\/api.w.org\/{rel}","templated":true}]}}