{"id":3217,"date":"2012-09-07T15:38:36","date_gmt":"2012-09-07T15:38:36","guid":{"rendered":"http:\/\/www.rincondelbulla.cl\/portal\/?p=3217"},"modified":"2012-09-07T15:38:36","modified_gmt":"2012-09-07T15:38:36","slug":"sampaoli-van-a-debutar-varios-jugadores-jovencitos-ante-wanderers","status":"publish","type":"post","link":"http:\/\/www.rincondelbulla.cl\/portal\/2012\/09\/07\/sampaoli-van-a-debutar-varios-jugadores-jovencitos-ante-wanderers\/","title":{"rendered":"Sampaoli: \u00abVan a debutar varios jugadores jovencitos ante Wanderers\u00bb"},"content":{"rendered":"<figure id=\"attachment_4828\" aria-describedby=\"caption-attachment-4828\" style=\"width: 645px\" class=\"wp-caption alignnone\"><img loading=\"lazy\" decoding=\"async\" class=\" size-full wp-image-4828\" src=\"http:\/\/www.rincondelbulla.cl\/portal\/wp-content\/uploads\/2012\/09\/883de87c16d2ddb39a1cada7b7a71e1e.jpg\" alt=\"Foto: Claudio C\u00e1ceres\" class=\"caption\" title=\"Sampaoli dar\u00e1 descanso a los titulares ante Wanderers\" width=\"645\" height=\"365\" srcset=\"http:\/\/www.rincondelbulla.cl\/portal\/wp-content\/uploads\/2012\/09\/883de87c16d2ddb39a1cada7b7a71e1e.jpg 645w, http:\/\/www.rincondelbulla.cl\/portal\/wp-content\/uploads\/2012\/09\/883de87c16d2ddb39a1cada7b7a71e1e-300x170.jpg 300w\" sizes=\"auto, (max-width: 645px) 100vw, 645px\" \/><figcaption id=\"caption-attachment-4828\" class=\"wp-caption-text\">Sampaoli dar\u00e1 descanso a los titulares ante Wanderers<\/figcaption><\/figure>\n<div><strong>El t\u00e9cnico de la Universidad de Chile, Jorge Sampaoli, anticip\u00f3 que para el duelo por la tercera fecha de la Copa Chile frente a los\u2018 caturros\u2019 pondr\u00e1 en cancha un plantel alternativo, donde se le dar\u00e1 la oportunidad de debutar a las j\u00f3venes promesas azules.<\/strong><\/div>\n<div> <!--more--> <\/div>\n<div>&nbsp;<\/div>\n<div>Jorge Sampaoli planea darle un rodaje a sus dirigidos, tom\u00e1ndose de &nbsp;paso el receso del Torneo de Clausura por las Clasificatorias, por lo que desde ya anticip\u00f3 que para el duelo de este domingo frente a Wanderers por la tercera fecha de la Copa Chile ir\u00e1 con un equipo altamente alternativo, donde podr\u00edan verse caras nuevas vistiendo &nbsp;la casaquilla azul.&nbsp;<\/div>\n<div>&nbsp;<\/div>\n<div><strong>\u201cVan a debutar varios jugadores jovencitos ante Wanderers\u201d<\/strong>, dij\u00f3 el estratega azul, <strong>\u00abvamos a enfrentar a un rival de primera, ser\u00e1 un partido complejo\u00bb<\/strong>, agreg\u00f3. De paso, se\u00f1al\u00f3 que el chico Fab\u00edan Carmona ser\u00e1 el \u201c9\u201d que ultilizar\u00e1 para enfrentar al elenco de Ivo Basay.<\/div>\n<div>&nbsp;<\/div>\n<div>Consultado sobre el cambio que se anunci\u00f3 al torneo local, Sampaoli expres\u00f3 que <strong>\u201cel formato no incomoda, lo que incomoda es el desorden en la Copa Chile\u201d.&nbsp;<\/strong><\/div>\n<div>&nbsp;<\/div>\n<div><strong>\u201cUn torneo al que se le quiere dar importancia no puede tener este desorden. Molesta un poco. Se van modificando calendarios y eso no le hace bien al torneo\u201d<\/strong>, manifest\u00f3 el t\u00e9cnico argentino.<\/div>\n<div>&nbsp;<\/div>\n<div>Sobre el \u00faltimo duelo disputado por la \u201cU\u201d, Sampaoli dijo compartir las palabras que esboz\u00f3 el volante Charles Ar\u00e1nguiz tras finalizado el partido con los \u2018lo\u00ednos\u2019, donde el \u2018pr\u00edncipe\u2019 reconoci\u00f3 que a pesar del triunfo no se jug\u00f3 un buen partido.<strong> \u201cLo que generamos no lo estamos concretando. Pero a trav\u00e9s de esta b\u00fasqueda el equipo ha logrado ser puntero y meterse como el equipo m\u00e1s goleador del torneo\u201d<\/strong>, apunt\u00f3 el rosarino.<\/div>\n","protected":false},"excerpt":{"rendered":"<p>El t\u00e9cnico de la Universidad de Chile, Jorge Sampaoli, anticip\u00f3 que para el duelo por la tercera fecha de la Copa Chile frente a los\u2018 caturros\u2019 pondr\u00e1 en cancha un plantel alternativo, donde se le dar\u00e1 la oportunidad de debutar a las j\u00f3venes promesas azules.<\/p>\n","protected":false},"author":62,"featured_media":4828,"comment_status":"open","ping_status":"open","sticky":false,"template":"","format":"standard","meta":{"footnotes":""},"categories":[18],"tags":[454,144,149,148],"class_list":{"0":"post-3217","1":"post","2":"type-post","3":"status-publish","4":"format-standard","5":"has-post-thumbnail","7":"category-actualidad","8":"tag-actualidad","9":"tag-copa-chile-2012","10":"tag-sampaoli","11":"tag-wanderers"},"_links":{"self":[{"href":"http:\/\/www.rincondelbulla.cl\/portal\/wp-json\/wp\/v2\/posts\/3217","targetHints":{"allow":["GET"]}}],"collection":[{"href":"http:\/\/www.rincondelbulla.cl\/portal\/wp-json\/wp\/v2\/posts"}],"about":[{"href":"http:\/\/www.rincondelbulla.cl\/portal\/wp-json\/wp\/v2\/types\/post"}],"author":[{"embeddable":true,"href":"http:\/\/www.rincondelbulla.cl\/portal\/wp-json\/wp\/v2\/users\/62"}],"replies":[{"embeddable":true,"href":"http:\/\/www.rincondelbulla.cl\/portal\/wp-json\/wp\/v2\/comments?post=3217"}],"version-history":[{"count":0,"href":"http:\/\/www.rincondelbulla.cl\/portal\/wp-json\/wp\/v2\/posts\/3217\/revisions"}],"wp:featuredmedia":[{"embeddable":true,"href":"http:\/\/www.rincondelbulla.cl\/portal\/wp-json\/wp\/v2\/media\/4828"}],"wp:attachment":[{"href":"http:\/\/www.rincondelbulla.cl\/portal\/wp-json\/wp\/v2\/media?parent=3217"}],"wp:term":[{"taxonomy":"category","embeddable":true,"href":"http:\/\/www.rincondelbulla.cl\/portal\/wp-json\/wp\/v2\/categories?post=3217"},{"taxonomy":"post_tag","embeddable":true,"href":"http:\/\/www.rincondelbulla.cl\/portal\/wp-json\/wp\/v2\/tags?post=3217"}],"curies":[{"name":"wp","href":"https:\/\/api.w.org\/{rel}","templated":true}]}}