{"id":3220,"date":"2012-09-10T00:16:04","date_gmt":"2012-09-10T00:16:04","guid":{"rendered":"http:\/\/www.rincondelbulla.cl\/portal\/?p=3220"},"modified":"2012-09-10T00:16:04","modified_gmt":"2012-09-10T00:16:04","slug":"marca-personal-la-edad-paso-la-cuenta","status":"publish","type":"post","link":"http:\/\/www.rincondelbulla.cl\/portal\/2012\/09\/10\/marca-personal-la-edad-paso-la-cuenta\/","title":{"rendered":"Marca Personal:  La edad pas\u00f3 la cuenta"},"content":{"rendered":"<p><img loading=\"lazy\" decoding=\"async\" class=\" size-full wp-image-4831\" src=\"http:\/\/www.rincondelbulla.cl\/portal\/wp-content\/uploads\/2012\/09\/e21cbb67c2c0ef2b71b4d5e934276db9.jpg\" alt=\"\" width=\"700\" height=\"396\" srcset=\"http:\/\/www.rincondelbulla.cl\/portal\/wp-content\/uploads\/2012\/09\/e21cbb67c2c0ef2b71b4d5e934276db9.jpg 700w, http:\/\/www.rincondelbulla.cl\/portal\/wp-content\/uploads\/2012\/09\/e21cbb67c2c0ef2b71b4d5e934276db9-300x170.jpg 300w, http:\/\/www.rincondelbulla.cl\/portal\/wp-content\/uploads\/2012\/09\/e21cbb67c2c0ef2b71b4d5e934276db9-696x394.jpg 696w\" sizes=\"auto, (max-width: 700px) 100vw, 700px\" \/><\/p>\n<p><strong>Universidad de Chile le dio tiraje a la chimenea y, los j\u00f3venes, estuvieron a la altura. Si bien es cierto s\u00f3lo se consigui\u00f3 un empate frente a Santiago Wanderers por el grupo 6 de la Copa Chile MTS, la patrulla juvenil hizo un partido correcto, dejando al debe a quienes, se supone, tienen m\u00e1s experiencia. Los azules, uno a uno, por <em>Rinc\u00f3ndelbulla<\/em>. <!--more--> Paulo Garc\u00e9s:<\/strong> Flojo en el primer gol, luego estuvo a la altura, en el segundo, nada que hacer. Nota: 6.0<\/p>\n<p><strong>Albert Acevedo:<\/strong> Se not\u00f3 inc\u00f3modo, siendo de los m\u00e1s experimentados. Nota: 5.0<\/p>\n<p><strong>Eduardo Morante:<\/strong> Muy poco, a\u00fan le falta demasiado para estar a la altura. Nota: 4.0<\/p>\n<p><strong>Paulo Magalhaes:<\/strong> El mejor de los experimentados. Bien en defensa y gener\u00f3 peligro. Nota: 6.0<\/p>\n<p><strong>J. Santander:<\/strong> No se achic\u00f3, estuvo a la altura. Bien en su primer partido. Nota: 6.0<\/p>\n<p><strong>Sebasti\u00e1n Leyton:<\/strong> Anot\u00f3 el segundo gol y respondi\u00f3, a pesar de ser joven fue uno de los \u201cexperimentados\u201d. Nota: 6.0<\/p>\n<p><strong>Cerezo:<\/strong> Bien en defensa y, cuando pudo, se descolg\u00f3 al ataque. Respondi\u00f3. Nota: 5.5<\/p>\n<p><strong>Ezequiel Videla:<\/strong> Floj\u00edsimo partido. Era uno de los llamados a dar seguridad y tranquilidad pero no cumpli\u00f3. Pudo ser expulsado. Nota: 4.5<\/p>\n<p><strong>Francisco Castro:<\/strong> Se le ve ego\u00edsta. Poco para el equipo aunque cuando lo hace funciona. Nota: 5.0<\/p>\n<p><strong>F. Carmona:<\/strong> Anot\u00f3 el primer gol, en realidad un golazo. Defini\u00f3 con exquisitez. Movedizo en el ataque. Nota: 6.5<\/p>\n<p><strong>J. I.Duma:<\/strong> Bien. Gener\u00f3 f\u00fatbol, atac\u00f3 con peligro. Se le ve futuro. Nota: 6.0<\/p>\n<p><strong>SUSTITUCIONES<\/strong><\/p>\n<p><strong>Rodrigo Echeverr\u00eda:<\/strong> Poco tiempo en cancha, aunque dfenedi\u00f3 un bal\u00f3n de gran forma. Nota: 5.0<\/p>\n<p><strong>Bizama:<\/strong> Peque\u00f1ito, era ver a un ni\u00f1o en la cancha pero encar\u00f3 con personalidad y se sac\u00f3 a dos rivales en la primera que tom\u00f3. Luego burl\u00f3 a un rival, aunque se ca\u00eda livianito. Nota: 6.0<\/p>\n","protected":false},"excerpt":{"rendered":"<p>Universidad de Chile le dio tiraje a la chimenea y, los j\u00f3venes, estuvieron a la altura. Si bien es cierto s\u00f3lo se consigui\u00f3 un empate frente a Santiago Wanderers por el grupo 6 de la Copa Chile MTS, la patrulla juvenil hizo un partido correcto, dejando al debe a quienes, se supone, tienen m\u00e1s experiencia. [&#8230;]<\/p>\n","protected":false},"author":57,"featured_media":4831,"comment_status":"open","ping_status":"open","sticky":false,"template":"","format":"standard","meta":{"footnotes":""},"categories":[18],"tags":[454,144,43],"class_list":{"0":"post-3220","1":"post","2":"type-post","3":"status-publish","4":"format-standard","5":"has-post-thumbnail","7":"category-actualidad","8":"tag-actualidad","9":"tag-copa-chile-2012","10":"tag-marca-personal"},"_links":{"self":[{"href":"http:\/\/www.rincondelbulla.cl\/portal\/wp-json\/wp\/v2\/posts\/3220","targetHints":{"allow":["GET"]}}],"collection":[{"href":"http:\/\/www.rincondelbulla.cl\/portal\/wp-json\/wp\/v2\/posts"}],"about":[{"href":"http:\/\/www.rincondelbulla.cl\/portal\/wp-json\/wp\/v2\/types\/post"}],"author":[{"embeddable":true,"href":"http:\/\/www.rincondelbulla.cl\/portal\/wp-json\/wp\/v2\/users\/57"}],"replies":[{"embeddable":true,"href":"http:\/\/www.rincondelbulla.cl\/portal\/wp-json\/wp\/v2\/comments?post=3220"}],"version-history":[{"count":0,"href":"http:\/\/www.rincondelbulla.cl\/portal\/wp-json\/wp\/v2\/posts\/3220\/revisions"}],"wp:featuredmedia":[{"embeddable":true,"href":"http:\/\/www.rincondelbulla.cl\/portal\/wp-json\/wp\/v2\/media\/4831"}],"wp:attachment":[{"href":"http:\/\/www.rincondelbulla.cl\/portal\/wp-json\/wp\/v2\/media?parent=3220"}],"wp:term":[{"taxonomy":"category","embeddable":true,"href":"http:\/\/www.rincondelbulla.cl\/portal\/wp-json\/wp\/v2\/categories?post=3220"},{"taxonomy":"post_tag","embeddable":true,"href":"http:\/\/www.rincondelbulla.cl\/portal\/wp-json\/wp\/v2\/tags?post=3220"}],"curies":[{"name":"wp","href":"https:\/\/api.w.org\/{rel}","templated":true}]}}