{"id":3221,"date":"2012-09-10T01:16:23","date_gmt":"2012-09-10T01:16:23","guid":{"rendered":"http:\/\/www.rincondelbulla.cl\/portal\/?p=3221"},"modified":"2012-09-10T01:16:23","modified_gmt":"2012-09-10T01:16:23","slug":"jorge-sampaoli-es-una-alegria-hacer-un-partido-de-esta-manera","status":"publish","type":"post","link":"http:\/\/www.rincondelbulla.cl\/portal\/2012\/09\/10\/jorge-sampaoli-es-una-alegria-hacer-un-partido-de-esta-manera\/","title":{"rendered":"Jorge Sampaoli: \u201cEs una alegr\u00eda hacer un partido de esta manera\u201d"},"content":{"rendered":"<figure id=\"attachment_4832\" aria-describedby=\"caption-attachment-4832\" style=\"width: 700px\" class=\"wp-caption alignnone\"><img loading=\"lazy\" decoding=\"async\" class=\" size-full wp-image-4832\" src=\"http:\/\/www.rincondelbulla.cl\/portal\/wp-content\/uploads\/2012\/09\/4b891d503665d0267998694152b3b8a7.jpg\" alt=\"Foto: Claudio C\u00e1ceres\" class=\"caption\" title=\"Sampaoli  demostr\u00f3 su satisfacci\u00f3n tras el partido ante el Decano\" width=\"700\" height=\"396\" srcset=\"http:\/\/www.rincondelbulla.cl\/portal\/wp-content\/uploads\/2012\/09\/4b891d503665d0267998694152b3b8a7.jpg 700w, http:\/\/www.rincondelbulla.cl\/portal\/wp-content\/uploads\/2012\/09\/4b891d503665d0267998694152b3b8a7-300x170.jpg 300w, http:\/\/www.rincondelbulla.cl\/portal\/wp-content\/uploads\/2012\/09\/4b891d503665d0267998694152b3b8a7-696x394.jpg 696w\" sizes=\"auto, (max-width: 700px) 100vw, 700px\" \/><figcaption id=\"caption-attachment-4832\" class=\"wp-caption-text\">Sampaoli  demostr\u00f3 su satisfacci\u00f3n tras el partido ante el Decano<\/figcaption><\/figure>\n<p><strong>As\u00ed el argentino demostr\u00f3 su satisfacci\u00f3n con el partido que hizo el Le\u00f3n ante los de Valparapiso. La media docena de debutantes, todos menores de dieciocho a\u00f1os, no se not\u00f3 en muchos pasajes del partido.<\/strong><\/p>\n<p>  <!--more-->  <\/p>\n<p>Luego del empate a dos tantos entre Universidad de Chile y Santiago Wanders por la Copa Chile, el t\u00e9cnico universitario Jorge Sampaoli, se mostr\u00f3 conforme con el resultado, pensando en que la oncena titular que present\u00f3 estaba plagada de debutantes.<\/p>\n<p>&nbsp;<\/p>\n<p>Sobre el an\u00e1lisis del partido el casildense asegur\u00f3 que en el primer tiempo la retaguardia azul se vio sobrepasada, pero que en la segunda etapa se mejor\u00f3 ese aspecto del juego, sabiendo la calidad de los delanteros&nbsp; los caturros.<\/p>\n<p>{mp3}sampaoli_wanderers1{\/mp3}<\/p>\n<p>Para el t\u00e9cnico azul fue una alegr\u00eda como se dio el tr\u00e1mite del partido, ya que los seis debutantes que aline\u00f3 en el primer equipo se desenvolvieron de manera \u00f3ptima<\/p>\n<p>{mp3}sampaoli_wanderers2{\/mp3}<\/p>\n<p>Adem\u00e1s agreg\u00f3 que esta situaci\u00f3n se dio, porque&nbsp; a un grupo de jugadores se le dio descanso y por los seleccionados sub 20 que se encuentran en Francia &nbsp;<\/p>\n<p>{mp3}sampaoli_wanderers3{\/mp3}<\/p>\n<p>El pr\u00f3ximo encuentro de los azules ser\u00e1 ante Santiago Morning por Copa Chile y se disputar\u00e1 el d\u00eda mi\u00e9rcoles en el estadio Santa Laura Universidad SEK.<\/p>\n","protected":false},"excerpt":{"rendered":"<p>As\u00ed el argentino demostr\u00f3 su satisfacci\u00f3n con el partido que hizo el Le\u00f3n ante los de Valparapiso. La media docena de debutantes, todos menores de dieciocho a\u00f1os, no se not\u00f3 en muchos pasajes del partido.<\/p>\n","protected":false},"author":63,"featured_media":4832,"comment_status":"open","ping_status":"open","sticky":false,"template":"","format":"standard","meta":{"footnotes":""},"categories":[18],"tags":[454,144,40],"class_list":{"0":"post-3221","1":"post","2":"type-post","3":"status-publish","4":"format-standard","5":"has-post-thumbnail","7":"category-actualidad","8":"tag-actualidad","9":"tag-copa-chile-2012","10":"tag-jorge-sampaoli"},"_links":{"self":[{"href":"http:\/\/www.rincondelbulla.cl\/portal\/wp-json\/wp\/v2\/posts\/3221","targetHints":{"allow":["GET"]}}],"collection":[{"href":"http:\/\/www.rincondelbulla.cl\/portal\/wp-json\/wp\/v2\/posts"}],"about":[{"href":"http:\/\/www.rincondelbulla.cl\/portal\/wp-json\/wp\/v2\/types\/post"}],"author":[{"embeddable":true,"href":"http:\/\/www.rincondelbulla.cl\/portal\/wp-json\/wp\/v2\/users\/63"}],"replies":[{"embeddable":true,"href":"http:\/\/www.rincondelbulla.cl\/portal\/wp-json\/wp\/v2\/comments?post=3221"}],"version-history":[{"count":0,"href":"http:\/\/www.rincondelbulla.cl\/portal\/wp-json\/wp\/v2\/posts\/3221\/revisions"}],"wp:featuredmedia":[{"embeddable":true,"href":"http:\/\/www.rincondelbulla.cl\/portal\/wp-json\/wp\/v2\/media\/4832"}],"wp:attachment":[{"href":"http:\/\/www.rincondelbulla.cl\/portal\/wp-json\/wp\/v2\/media?parent=3221"}],"wp:term":[{"taxonomy":"category","embeddable":true,"href":"http:\/\/www.rincondelbulla.cl\/portal\/wp-json\/wp\/v2\/categories?post=3221"},{"taxonomy":"post_tag","embeddable":true,"href":"http:\/\/www.rincondelbulla.cl\/portal\/wp-json\/wp\/v2\/tags?post=3221"}],"curies":[{"name":"wp","href":"https:\/\/api.w.org\/{rel}","templated":true}]}}