{"id":3223,"date":"2012-09-10T19:04:58","date_gmt":"2012-09-10T19:04:58","guid":{"rendered":"http:\/\/www.rincondelbulla.cl\/portal\/?p=3223"},"modified":"2012-09-10T19:04:58","modified_gmt":"2012-09-10T19:04:58","slug":"paulo-garces-es-todo-un-honor-defender-el-arco-de-la-u","status":"publish","type":"post","link":"http:\/\/www.rincondelbulla.cl\/portal\/2012\/09\/10\/paulo-garces-es-todo-un-honor-defender-el-arco-de-la-u\/","title":{"rendered":"Paulo Garc\u00e9s: \u201cEs todo un honor defender el arco de la \u2018U\u2019\u201d"},"content":{"rendered":"<figure id=\"attachment_4834\" aria-describedby=\"caption-attachment-4834\" style=\"width: 700px\" class=\"wp-caption alignnone\"><img loading=\"lazy\" decoding=\"async\" class=\" size-full wp-image-4834\" src=\"http:\/\/www.rincondelbulla.cl\/portal\/wp-content\/uploads\/2012\/09\/82666daada52f04f02214f4311d23448.jpg\" alt=\"Foto: Patricio Gonz\u00e1lez\" class=\"caption\" title=\"Garc\u00e9s  se mostr\u00f3 satisfecho por el rendimiento del elenco alternativo de los azules\" width=\"700\" height=\"396\" srcset=\"http:\/\/www.rincondelbulla.cl\/portal\/wp-content\/uploads\/2012\/09\/82666daada52f04f02214f4311d23448.jpg 700w, http:\/\/www.rincondelbulla.cl\/portal\/wp-content\/uploads\/2012\/09\/82666daada52f04f02214f4311d23448-300x170.jpg 300w, http:\/\/www.rincondelbulla.cl\/portal\/wp-content\/uploads\/2012\/09\/82666daada52f04f02214f4311d23448-696x394.jpg 696w\" sizes=\"auto, (max-width: 700px) 100vw, 700px\" \/><figcaption id=\"caption-attachment-4834\" class=\"wp-caption-text\">Garc\u00e9s  se mostr\u00f3 satisfecho por el rendimiento del elenco alternativo de los azules<\/figcaption><\/figure>\n<p><strong>Luego del empate 2-2 ante Wanderers por Copa Chile, el portero de Universidad de Chile se mostr\u00f3 satisfecho por el rendimiento del elenco alternativo de los azules, y espera que se repita ante Santiago Morning. Adem\u00e1s Waldo Ponce ya entrena a la par del resto. <!--more--> <\/strong>Positivo fue el balance que sac\u00f3 Universidad de Chile luego del empate 2-2 ante Santiago Wanderers por Copa Chile, donde Jorge Sampaoli dispuso un equipo alternativo, con mucho juveniles.<\/p>\n<p>As\u00ed lo destac\u00f3 el portero Paulo Garc\u00e9s, quien estuvo en ese duelo, al considerar que <strong>\u00abcon el equipo que jugamos se marc\u00f3 una diferencia y se vio un gran debut de los juveniles que puso el &#8216;profe&#8217;. No se logr\u00f3 el triunfo pero lo bueno que sacamos es la entrega y disposici\u00f3n. Estamos conformes con lo que hicimos\u00bb.<\/strong><\/p>\n<p>Este mismo elenco buscar\u00e1 el primer triunfo del equipo en el torneo -dos empates- ante Santiago Morning en el estadio Santa Laura, y sobre eso el arquero adelant\u00f3 que <strong>\u00abespero que el mi\u00e9rcoles ante Santiago Morning podamos dejar los puntos en casa para quedar en zona de clasificaci\u00f3n\u00bb<\/strong>.<\/p>\n<p>Adem\u00e1s el jugador proveniente de Universidad Cat\u00f3lica coment\u00f3 lo que es su lucha con Johnny Herrera por la titularidad en el elenco estelar. <strong>\u00abEs dif\u00edcil pelearle el puesto a Johnny porque es un gran arquero y uno de los mejores de Sudam\u00e9rica, pero si me toca jugar lo dar\u00e9 todo. Es todo un honor defender el arco de la &#8216;U'\u00bb<\/strong>.<\/p>\n<p>Finalmente Garc\u00e9s expres\u00f3 su punto de vista sobre el problema que se vivi\u00f3 el domingo en el Nacional por las bombas de ruido, al expresar que <strong>\u00abest\u00e1 todo prohibido, pero lamentablemente siguen metiendo cosas que estropean al f\u00fatbol. Son decisiones a nivel dirigencial y deber\u00e1n acatarse las decisiones que se tomen\u00bb<\/strong>.<\/p>\n<p>En el plano futbol\u00edstico Waldo Ponce ya est\u00e1 entrenando a la par con sus compa\u00f1eros y podr\u00eda jugar algunos minutos en un amistoso el martes con Palestino en el Centro Deportivo Azul, y Mat\u00edas Rodr\u00edguez comenz\u00f3 a hacer algunos trabajos f\u00edsicos para ir acerc\u00e1ndose a su regreso a las canchas.<\/p>\n<p><strong>Fuente:<\/strong> Prensafutbol.cl<\/p>\n","protected":false},"excerpt":{"rendered":"<p>Luego del empate 2-2 ante Wanderers por Copa Chile, el portero de Universidad de Chile se mostr\u00f3 satisfecho por el rendimiento del elenco alternativo de los azules, y espera que se repita ante Santiago Morning. Adem\u00e1s Waldo Ponce ya entrena a la par del resto.<\/p>\n","protected":false},"author":1,"featured_media":4834,"comment_status":"open","ping_status":"open","sticky":false,"template":"","format":"standard","meta":{"footnotes":""},"categories":[18],"tags":[454,144,115,143],"class_list":{"0":"post-3223","1":"post","2":"type-post","3":"status-publish","4":"format-standard","5":"has-post-thumbnail","7":"category-actualidad","8":"tag-actualidad","9":"tag-copa-chile-2012","10":"tag-paulo-garces","11":"tag-waldo-ponce"},"_links":{"self":[{"href":"http:\/\/www.rincondelbulla.cl\/portal\/wp-json\/wp\/v2\/posts\/3223","targetHints":{"allow":["GET"]}}],"collection":[{"href":"http:\/\/www.rincondelbulla.cl\/portal\/wp-json\/wp\/v2\/posts"}],"about":[{"href":"http:\/\/www.rincondelbulla.cl\/portal\/wp-json\/wp\/v2\/types\/post"}],"author":[{"embeddable":true,"href":"http:\/\/www.rincondelbulla.cl\/portal\/wp-json\/wp\/v2\/users\/1"}],"replies":[{"embeddable":true,"href":"http:\/\/www.rincondelbulla.cl\/portal\/wp-json\/wp\/v2\/comments?post=3223"}],"version-history":[{"count":0,"href":"http:\/\/www.rincondelbulla.cl\/portal\/wp-json\/wp\/v2\/posts\/3223\/revisions"}],"wp:featuredmedia":[{"embeddable":true,"href":"http:\/\/www.rincondelbulla.cl\/portal\/wp-json\/wp\/v2\/media\/4834"}],"wp:attachment":[{"href":"http:\/\/www.rincondelbulla.cl\/portal\/wp-json\/wp\/v2\/media?parent=3223"}],"wp:term":[{"taxonomy":"category","embeddable":true,"href":"http:\/\/www.rincondelbulla.cl\/portal\/wp-json\/wp\/v2\/categories?post=3223"},{"taxonomy":"post_tag","embeddable":true,"href":"http:\/\/www.rincondelbulla.cl\/portal\/wp-json\/wp\/v2\/tags?post=3223"}],"curies":[{"name":"wp","href":"https:\/\/api.w.org\/{rel}","templated":true}]}}