{"id":3224,"date":"2012-09-11T17:11:12","date_gmt":"2012-09-11T17:11:12","guid":{"rendered":"http:\/\/www.rincondelbulla.cl\/portal\/?p=3224"},"modified":"2012-09-11T17:11:12","modified_gmt":"2012-09-11T17:11:12","slug":"acevedo-asegura-que-la-u-busca-primeros-tres-puntos-por-copa-chile","status":"publish","type":"post","link":"http:\/\/www.rincondelbulla.cl\/portal\/2012\/09\/11\/acevedo-asegura-que-la-u-busca-primeros-tres-puntos-por-copa-chile\/","title":{"rendered":"Acevedo asegura que la \u2018U\u2019 busca primeros tres puntos por Copa Chile"},"content":{"rendered":"<figure id=\"attachment_4835\" aria-describedby=\"caption-attachment-4835\" style=\"width: 700px\" class=\"wp-caption alignnone\"><img loading=\"lazy\" decoding=\"async\" class=\" size-full wp-image-4835\" src=\"http:\/\/www.rincondelbulla.cl\/portal\/wp-content\/uploads\/2012\/09\/d02042ae9f501f4f45b4b4012832eb3d.jpg\" alt=\"Foto: Patricio Gonz\u00e1lez\" class=\"caption\" title=\"Acevedo anticipa que la 'U' va por los tres puntos\" width=\"700\" height=\"396\" srcset=\"http:\/\/www.rincondelbulla.cl\/portal\/wp-content\/uploads\/2012\/09\/d02042ae9f501f4f45b4b4012832eb3d.jpg 700w, http:\/\/www.rincondelbulla.cl\/portal\/wp-content\/uploads\/2012\/09\/d02042ae9f501f4f45b4b4012832eb3d-300x170.jpg 300w, http:\/\/www.rincondelbulla.cl\/portal\/wp-content\/uploads\/2012\/09\/d02042ae9f501f4f45b4b4012832eb3d-696x394.jpg 696w\" sizes=\"auto, (max-width: 700px) 100vw, 700px\" \/><figcaption id=\"caption-attachment-4835\" class=\"wp-caption-text\">Acevedo anticipa que la &#8216;U&#8217; va por los tres puntos<\/figcaption><\/figure>\n<div><strong>En rueda de prensa, el defensor Albert Acevedo expres\u00f3 que la &nbsp;Universidad de Chile quiere tomar vuelo en la Copa Chile este mi\u00e9rcoles frente a Santiago Morning y, a la vez, conseguir su primer triunfo en el certamen. \u201cSaldremos con todo\u201d, se\u00f1al\u00f3. Adem\u00e1s, tuvo sentidas palabras por el fallecimiento de Sergio Livngstone. \u201cFue una persona respetada y muy amable con los jugadores\u201d, dijo. <!--more--> <\/strong>En la antesala al duelo frente a Santiago Morning por Copa Chile de este mi\u00e9rcoles, con el cual se cierra la ida del Grupo 6, la Universidad de Chile mira como prioridad conseguir sus primeros tres puntos que les permita seguir avanzando en el certamen.&nbsp;<\/div>\n<div>&nbsp;<\/div>\n<div>As\u00ed lo anticip\u00f3 el defensor Albert Acevedo, para quien es preciso que <strong>\u201ciremos con todo ma\u00f1ana, porque sabemos que si ganamos contra Santiago Morning quedar\u00edamos segundo en el grupo, lo que nos servir\u00eda para clasificar a la siguiente ronda\u201d.<\/strong>&nbsp;<\/div>\n<div>&nbsp;<\/div>\n<div>La \u2018U\u2019 empat\u00f3 los dos duelos anteriores frente a Uni\u00f3n La Calera y Santiago Wanderers, y de momentos marcha en la tercera posici\u00f3n, situaci\u00f3n que los jugadores azules quieren revertir aprovechando el golpe de la \u00faltima derrota del conjunto de Hern\u00e1n Ibarra contra San Marcos.&nbsp;<\/div>\n<div>&nbsp;<\/div>\n<div>Consultado sobre el \u00faltimo duelo de la escuadra de Jorge Sampaoli y el joven plantel que par\u00f3 en cancha el rosarino, Acevedo expres\u00f3 que <strong>\u201cnos deja contentos que ellos puedan asumir responsabilidades, ya que estos partidos son bastante provechosos, y los juveniles demostraron que tienen grandes cualidades y se manejan muy bien con el grupo\u201d.<\/strong>&nbsp;<\/div>\n<div>&nbsp;<\/div>\n<div>Adem\u00e1s, Acevedo, quien fue el capit\u00e1n azul en la \u00faltima jornada y asoma con repetir, coment\u00f3 que lo m\u00e1s probable es que el t\u00e9cnico Sampaoli repita la escuadra que enfrent\u00f3 a Wanderers para el partido contra los \u2018microbuseros\u2019.<\/div>\n<div>&nbsp;<\/div>\n<div>Finalmente, el defensor azul tuvo unas sentidas palabras al fallecimiento del hist\u00f3rico jugador chileno y comentarista deportivo, Sergio Livingstone, ocurrido hace unas horas. <strong>\u201cCuando muere alguien tan ligado al f\u00fatbol, que ha dejado huella, es algo que se lamente mucho. \u00c9l fue una persona muy respetada y muy amable con los jugadores. Se recordar\u00e1 siempre\u201d<\/strong>, expuso Acevedo.<\/div>\n","protected":false},"excerpt":{"rendered":"<p>En rueda de prensa, el defensor Albert Acevedo expres\u00f3 que la &nbsp;Universidad de Chile quiere tomar vuelo en la Copa Chile este mi\u00e9rcoles frente a Santiago Morning y, a la vez, conseguir su primer triunfo en el certamen. \u201cSaldremos con todo\u201d, se\u00f1al\u00f3. Adem\u00e1s, tuvo sentidas palabras por el fallecimiento de Sergio Livngstone. \u201cFue una persona [&#8230;]<\/p>\n","protected":false},"author":62,"featured_media":4835,"comment_status":"open","ping_status":"open","sticky":false,"template":"","format":"standard","meta":{"footnotes":""},"categories":[18],"tags":[454,49,144,151],"class_list":{"0":"post-3224","1":"post","2":"type-post","3":"status-publish","4":"format-standard","5":"has-post-thumbnail","7":"category-actualidad","8":"tag-actualidad","9":"tag-albert-acevedo","10":"tag-copa-chile-2012","11":"tag-santiago-morning"},"_links":{"self":[{"href":"http:\/\/www.rincondelbulla.cl\/portal\/wp-json\/wp\/v2\/posts\/3224","targetHints":{"allow":["GET"]}}],"collection":[{"href":"http:\/\/www.rincondelbulla.cl\/portal\/wp-json\/wp\/v2\/posts"}],"about":[{"href":"http:\/\/www.rincondelbulla.cl\/portal\/wp-json\/wp\/v2\/types\/post"}],"author":[{"embeddable":true,"href":"http:\/\/www.rincondelbulla.cl\/portal\/wp-json\/wp\/v2\/users\/62"}],"replies":[{"embeddable":true,"href":"http:\/\/www.rincondelbulla.cl\/portal\/wp-json\/wp\/v2\/comments?post=3224"}],"version-history":[{"count":0,"href":"http:\/\/www.rincondelbulla.cl\/portal\/wp-json\/wp\/v2\/posts\/3224\/revisions"}],"wp:featuredmedia":[{"embeddable":true,"href":"http:\/\/www.rincondelbulla.cl\/portal\/wp-json\/wp\/v2\/media\/4835"}],"wp:attachment":[{"href":"http:\/\/www.rincondelbulla.cl\/portal\/wp-json\/wp\/v2\/media?parent=3224"}],"wp:term":[{"taxonomy":"category","embeddable":true,"href":"http:\/\/www.rincondelbulla.cl\/portal\/wp-json\/wp\/v2\/categories?post=3224"},{"taxonomy":"post_tag","embeddable":true,"href":"http:\/\/www.rincondelbulla.cl\/portal\/wp-json\/wp\/v2\/tags?post=3224"}],"curies":[{"name":"wp","href":"https:\/\/api.w.org\/{rel}","templated":true}]}}