{"id":3227,"date":"2012-09-13T20:24:09","date_gmt":"2012-09-13T20:24:09","guid":{"rendered":"http:\/\/www.rincondelbulla.cl\/portal\/?p=3227"},"modified":"2012-09-13T20:24:09","modified_gmt":"2012-09-13T20:24:09","slug":"waldo-ponce-y-debut-por-la-u-me-emociono-volver-como-capitan","status":"publish","type":"post","link":"http:\/\/www.rincondelbulla.cl\/portal\/2012\/09\/13\/waldo-ponce-y-debut-por-la-u-me-emociono-volver-como-capitan\/","title":{"rendered":"Waldo Ponce y debut por la \u2018U\u2019: \u201cMe emocion\u00f3 volver como capit\u00e1n\u201d"},"content":{"rendered":"<figure id=\"attachment_4838\" aria-describedby=\"caption-attachment-4838\" style=\"width: 700px\" class=\"wp-caption alignnone\"><img loading=\"lazy\" decoding=\"async\" class=\" size-full wp-image-4838\" src=\"http:\/\/www.rincondelbulla.cl\/portal\/wp-content\/uploads\/2012\/09\/aa4b4d0e857780b3bff4a00e6e75e12c.jpg\" alt=\"Foto: Agencia Uno\" class=\"caption\" title=\"Ponce se mostr\u00f3 emocionado con volver a vestir la jineta de capit\u00e1n con la \"U\"\" width=\"700\" height=\"396\" srcset=\"http:\/\/www.rincondelbulla.cl\/portal\/wp-content\/uploads\/2012\/09\/aa4b4d0e857780b3bff4a00e6e75e12c.jpg 700w, http:\/\/www.rincondelbulla.cl\/portal\/wp-content\/uploads\/2012\/09\/aa4b4d0e857780b3bff4a00e6e75e12c-300x170.jpg 300w, http:\/\/www.rincondelbulla.cl\/portal\/wp-content\/uploads\/2012\/09\/aa4b4d0e857780b3bff4a00e6e75e12c-696x394.jpg 696w\" sizes=\"auto, (max-width: 700px) 100vw, 700px\" \/><figcaption id=\"caption-attachment-4838\" class=\"wp-caption-text\">Ponce se mostr\u00f3 emocionado con volver a vestir la jineta de capit\u00e1n con la<\/figcaption><\/figure>\n<div><strong>El defensor oriundo de Los Andes jug\u00f3 45 minutos en el empate 3-3 frente a Santiago Morning por la tercera fecha de la Copa Chile. Si bien se ha mostrado mejor de la lesi\u00f3n que lo aquej\u00f3 desde noviembre pasado, no ver\u00e1 minutos en el duelo de este s\u00e1bado contra Rangers de Talca. <\/strong> <!--more--> El empate 3-3 frente a Santiago Morning no s\u00f3lo sirvi\u00f3 para que Jorge Sampaoli probara nuevas caras en la Universidad de Chile, sino que tambi\u00e9n para la vuelta de Waldo Ponce. Los 45 minutos disput\u00f3 en el partido fueron los primeros desde noviembre del 2011, despu\u00e9s que una larga lesi\u00f3n que lo mantuvo alejado de las cancha y retrasando el re debut con los \u2018azules\u2019.&nbsp;<\/div>\n<div><strong>&nbsp;<\/strong><\/div>\n<div><strong>\u00abEstoy contento por volver a jugar despu\u00e9s de la larga lesi\u00f3n. A lo mejor no conforme con el rendimiento por el mucho tiempo sin poder estar en cancha. Lo principal es agarrar ritmo, ir paso a paso, no quiero apurarme y sumar minutos de a poco\u00bb<\/strong>, se\u00f1al\u00f3 el oriundo de Los Andes.<\/div>\n<div><strong>&nbsp;<\/strong><\/div>\n<div><strong>\u00abEstaba previsto que jugar\u00e1 s\u00f3lo un tiempo y me emocion\u00f3 volver a la &#8216;U&#8217; y hacerlo como capit\u00e1n\u00bb<\/strong>, expuso el defensor formado en la Universidad de Chile. &nbsp;<\/div>\n<div>&nbsp;<\/div>\n<div>Finalmente, consultado sobre el tema selecci\u00f3n y los pr\u00f3ximos desaf\u00edos frente a Ecuador y Argentina en un mes m\u00e1s, Ponce fue discreto y se\u00f1al\u00f3 que las cosas se toman con calma. <strong>\u00abHay que ir paso a paso, no quiero apurarme. Quiero recuperarme r\u00e1pido y despu\u00e9s ver reci\u00e9n lo de la Selecci\u00f3n\u00bb<\/strong>, finaliz\u00f3 el ex Cruz Azul, quien de paso anticip\u00f3 que no ser\u00e1 considerado para el pleito ante Rangers de este s\u00e1bado, ya que realizar\u00e1 un trabajo f\u00edsico especial en el Centro Deportivo Azul.<\/div>\n","protected":false},"excerpt":{"rendered":"<p>El defensor oriundo de Los Andes jug\u00f3 45 minutos en el empate 3-3 frente a Santiago Morning por la tercera fecha de la Copa Chile. Si bien se ha mostrado mejor de la lesi\u00f3n que lo aquej\u00f3 desde noviembre pasado, no ver\u00e1 minutos en el duelo de este s\u00e1bado contra Rangers de Talca.<\/p>\n","protected":false},"author":62,"featured_media":4838,"comment_status":"open","ping_status":"open","sticky":false,"template":"","format":"standard","meta":{"footnotes":""},"categories":[18],"tags":[454,144,143],"class_list":{"0":"post-3227","1":"post","2":"type-post","3":"status-publish","4":"format-standard","5":"has-post-thumbnail","7":"category-actualidad","8":"tag-actualidad","9":"tag-copa-chile-2012","10":"tag-waldo-ponce"},"_links":{"self":[{"href":"http:\/\/www.rincondelbulla.cl\/portal\/wp-json\/wp\/v2\/posts\/3227","targetHints":{"allow":["GET"]}}],"collection":[{"href":"http:\/\/www.rincondelbulla.cl\/portal\/wp-json\/wp\/v2\/posts"}],"about":[{"href":"http:\/\/www.rincondelbulla.cl\/portal\/wp-json\/wp\/v2\/types\/post"}],"author":[{"embeddable":true,"href":"http:\/\/www.rincondelbulla.cl\/portal\/wp-json\/wp\/v2\/users\/62"}],"replies":[{"embeddable":true,"href":"http:\/\/www.rincondelbulla.cl\/portal\/wp-json\/wp\/v2\/comments?post=3227"}],"version-history":[{"count":0,"href":"http:\/\/www.rincondelbulla.cl\/portal\/wp-json\/wp\/v2\/posts\/3227\/revisions"}],"wp:featuredmedia":[{"embeddable":true,"href":"http:\/\/www.rincondelbulla.cl\/portal\/wp-json\/wp\/v2\/media\/4838"}],"wp:attachment":[{"href":"http:\/\/www.rincondelbulla.cl\/portal\/wp-json\/wp\/v2\/media?parent=3227"}],"wp:term":[{"taxonomy":"category","embeddable":true,"href":"http:\/\/www.rincondelbulla.cl\/portal\/wp-json\/wp\/v2\/categories?post=3227"},{"taxonomy":"post_tag","embeddable":true,"href":"http:\/\/www.rincondelbulla.cl\/portal\/wp-json\/wp\/v2\/tags?post=3227"}],"curies":[{"name":"wp","href":"https:\/\/api.w.org\/{rel}","templated":true}]}}