{"id":3246,"date":"2012-09-26T11:20:45","date_gmt":"2012-09-26T11:20:45","guid":{"rendered":"http:\/\/www.rincondelbulla.cl\/portal\/?p=3246"},"modified":"2012-09-26T11:20:45","modified_gmt":"2012-09-26T11:20:45","slug":"la-charla-motivacional-con-la-que-la-u-busca-dar-el-golpe-en-brasil","status":"publish","type":"post","link":"http:\/\/www.rincondelbulla.cl\/portal\/2012\/09\/26\/la-charla-motivacional-con-la-que-la-u-busca-dar-el-golpe-en-brasil\/","title":{"rendered":"La charla motivacional con la que la \u00abU\u00bb busca dar el golpe en Brasil"},"content":{"rendered":"<figure id=\"attachment_4856\" aria-describedby=\"caption-attachment-4856\" style=\"width: 700px\" class=\"wp-caption alignnone\"><img loading=\"lazy\" decoding=\"async\" class=\" size-full wp-image-4856\" src=\"http:\/\/www.rincondelbulla.cl\/portal\/wp-content\/uploads\/2012\/09\/0af3c7658b7fd19d1a969ae0ef63006b.jpg\" alt=\"Foto: Patricio Gonz\u00e1lez\" class=\"caption\" title=\"La \"U\" se medir\u00e1 ante Santos por la Recopa a partir de las 19.00 hrs. \" width=\"700\" height=\"396\" srcset=\"http:\/\/www.rincondelbulla.cl\/portal\/wp-content\/uploads\/2012\/09\/0af3c7658b7fd19d1a969ae0ef63006b.jpg 700w, http:\/\/www.rincondelbulla.cl\/portal\/wp-content\/uploads\/2012\/09\/0af3c7658b7fd19d1a969ae0ef63006b-300x170.jpg 300w, http:\/\/www.rincondelbulla.cl\/portal\/wp-content\/uploads\/2012\/09\/0af3c7658b7fd19d1a969ae0ef63006b-696x394.jpg 696w\" sizes=\"auto, (max-width: 700px) 100vw, 700px\" \/><figcaption id=\"caption-attachment-4856\" class=\"wp-caption-text\">La<\/figcaption><\/figure>\n<p><strong>El t\u00e9cnico de Universidad de Chile espera hacer historia en Brasil con los azules. <!--more--> <\/strong><strong>\u00abEl 90% de los chilenos cree que Santos ya gan\u00f3 este partido. Y est\u00e1n equivocados\u00bb<\/strong>, coment\u00f3 Jorge Sampaoli en la conferencia de prensa realizada durante la jornada de ayer.<\/p>\n<p>Universidad de Chile buscar\u00e1 lograr la haza\u00f1a en Brasil. El cuadro azul, que igual\u00f3 en el partido de ida disputado ante Santos en el Estadio Nacional, necesita una victoria para coronarse con un trofeo in\u00e9dito para las vitrinas azules: La Recopa.<\/p>\n<p>Es en este punto donde el t\u00e9cnico Jorge Sampaoli centr\u00f3 la charla motivacional para prepar el duelo que puede ser hist\u00f3rico para los azules.<\/p>\n<p><strong>\u00abSi se gana, ser\u00e1 un partido hist\u00f3rico para el pa\u00eds y para la &#8216;U&#8217;. Ganar a Santos en su casa, una Recopa, ser\u00eda un aliciente para todo lo que viene\u00bb<\/strong>, se\u00f1al\u00f3 Jorge Sampaoli en la jornada previa al encuentro.<\/p>\n<p>El DT les ha transmitido a sus pupilos la importancia de lograr este t\u00edtulo. Salir campe\u00f3n en Brasil y ante un elenco que tiene a una de las principales figuras del f\u00fatbol mundial, como Neymar, han sido los temas centrales de las conversaciones que ha sostenido el casildense con sus dirigidos.<\/p>\n<p>Universidad de Chile buscar\u00e1 sumar su segunda corona internacional ante Santos, elenco que tampoco tiene en sus vitrinas la Recopa.<\/p>\n<p><strong>FACTOR HERRERA<\/strong><\/p>\n<p>Otro de los factores que han marcado a los azules es la idea de obtener el t\u00edtulo y dedic\u00e1rselo a Johnny Herrera, quien ha vivido una semana complicada tras ser detenido manejando en estado de ebriedad.<\/p>\n<p><strong>\u00abCuando le pasa algo a un compa\u00f1ero, estamos todos m\u00e1s unidos que nunca. Queremos ganar esta copa para que pase este mal rato y se la vamos a dedicar, para que la sume a todas las que tiene\u00bb<\/strong>; confes\u00f3 ayer un integrante del plantel.<\/p>\n<p>El encuentro se empezar\u00e1 a disputar a las 19.00 hrs.<\/p>\n<p><strong>Fuente:<\/strong> La Tercera<\/p>\n","protected":false},"excerpt":{"rendered":"<p>El t\u00e9cnico de Universidad de Chile espera hacer historia en Brasil con los azules.<\/p>\n","protected":false},"author":1,"featured_media":4856,"comment_status":"open","ping_status":"open","sticky":false,"template":"","format":"standard","meta":{"footnotes":""},"categories":[18],"tags":[454,40,113],"class_list":{"0":"post-3246","1":"post","2":"type-post","3":"status-publish","4":"format-standard","5":"has-post-thumbnail","7":"category-actualidad","8":"tag-actualidad","9":"tag-jorge-sampaoli","10":"tag-recopa-sudamericana-2012"},"_links":{"self":[{"href":"http:\/\/www.rincondelbulla.cl\/portal\/wp-json\/wp\/v2\/posts\/3246","targetHints":{"allow":["GET"]}}],"collection":[{"href":"http:\/\/www.rincondelbulla.cl\/portal\/wp-json\/wp\/v2\/posts"}],"about":[{"href":"http:\/\/www.rincondelbulla.cl\/portal\/wp-json\/wp\/v2\/types\/post"}],"author":[{"embeddable":true,"href":"http:\/\/www.rincondelbulla.cl\/portal\/wp-json\/wp\/v2\/users\/1"}],"replies":[{"embeddable":true,"href":"http:\/\/www.rincondelbulla.cl\/portal\/wp-json\/wp\/v2\/comments?post=3246"}],"version-history":[{"count":0,"href":"http:\/\/www.rincondelbulla.cl\/portal\/wp-json\/wp\/v2\/posts\/3246\/revisions"}],"wp:featuredmedia":[{"embeddable":true,"href":"http:\/\/www.rincondelbulla.cl\/portal\/wp-json\/wp\/v2\/media\/4856"}],"wp:attachment":[{"href":"http:\/\/www.rincondelbulla.cl\/portal\/wp-json\/wp\/v2\/media?parent=3246"}],"wp:term":[{"taxonomy":"category","embeddable":true,"href":"http:\/\/www.rincondelbulla.cl\/portal\/wp-json\/wp\/v2\/categories?post=3246"},{"taxonomy":"post_tag","embeddable":true,"href":"http:\/\/www.rincondelbulla.cl\/portal\/wp-json\/wp\/v2\/tags?post=3246"}],"curies":[{"name":"wp","href":"https:\/\/api.w.org\/{rel}","templated":true}]}}