{"id":3247,"date":"2012-09-26T13:03:35","date_gmt":"2012-09-26T13:03:35","guid":{"rendered":"http:\/\/www.rincondelbulla.cl\/portal\/?p=3247"},"modified":"2012-09-26T13:03:35","modified_gmt":"2012-09-26T13:03:35","slug":"la-u-buscara-ante-santos-su-segunda-estrella-internacional","status":"publish","type":"post","link":"http:\/\/www.rincondelbulla.cl\/portal\/2012\/09\/26\/la-u-buscara-ante-santos-su-segunda-estrella-internacional\/","title":{"rendered":"La Previa: Por un lugar en el cielo"},"content":{"rendered":"<p><img loading=\"lazy\" decoding=\"async\" class=\" size-full wp-image-4857\" src=\"http:\/\/www.rincondelbulla.cl\/portal\/wp-content\/uploads\/2012\/09\/d2bdfa8f9a0f5a39707e6952d30fa990.jpg\" alt=\"Foto: Patricio Gonz\u00e1lez\" width=\"700\" height=\"396\" srcset=\"http:\/\/www.rincondelbulla.cl\/portal\/wp-content\/uploads\/2012\/09\/d2bdfa8f9a0f5a39707e6952d30fa990.jpg 700w, http:\/\/www.rincondelbulla.cl\/portal\/wp-content\/uploads\/2012\/09\/d2bdfa8f9a0f5a39707e6952d30fa990-300x170.jpg 300w, http:\/\/www.rincondelbulla.cl\/portal\/wp-content\/uploads\/2012\/09\/d2bdfa8f9a0f5a39707e6952d30fa990-696x394.jpg 696w\" sizes=\"auto, (max-width: 700px) 100vw, 700px\" \/><\/p>\n<p><strong>Universidad de Chile buscar\u00e1 en las tierras de Pel\u00e9 quedarse con el segundo t\u00edtulo internacional de su historia. La misi\u00f3n no es f\u00e1cil: al frente est\u00e1 el poderoso Santos, Neymar incluido. Todos los detalles para la gran final por el <em>Rinc\u00f3n del Bulla<\/em>.<\/strong><\/p>\n<p>  <!--more-->  <\/p>\n<p>El sue\u00f1o es inmenso: quedarse con la Recopa, torneo que se juega entre el campe\u00f3n de la Libertadores y el de la Copa Sudamericana para definir al gran monarca de este lado del mundo.<\/p>\n<p>&nbsp;<\/p>\n<p>En la ida, las cosas estuvieron para cualquiera. Si bien la U fue el equipo que marc\u00f3 los tiempos en una lluviosa noche en el Estadio Nacional, Santos fue la escuadra que tuvo a su haber las opciones m\u00e1s claras de gol, perdiendo incluso un penal en los pies de Neymar.<\/p>\n<p>Para esta trascendental jornada las cosas no han estado tranquilas para el Le\u00f3n, que viene de dos empates consecutivos en el clausura, y en ninguno de los dos el equipo de Jorge Sampaoli ha dejado una buena impresi\u00f3n con el nivel de su f\u00fatbol. Asimismo, es necesario sumarle la inc\u00f3moda situaci\u00f3n de Jhonny Herrera, quien fue sorprendido conduciendo en estado de ebriedad durante las fiestas patrias.<\/p>\n<p>Lo cierto es que este equipo sabe de imposibles, y el ejemplo m\u00e1s claro es que se meti\u00f3 a las semifinales de la Santander Libertadores de este a\u00f1o, dando vuelta resultados adversos con algo m\u00e1s que f\u00fatbol: con coraz\u00f3n. Lo que es necesario tener claro es que m\u00e1s all\u00e1 del marcador, se ver\u00e1 un equipo que ir\u00e1 a buscar el partido, la alegr\u00eda, la gloria.<\/p>\n<p>Para ello, Jorge Sampaoli dispuso ayer de sus once guerreros, hambrientos de hacer historia no s\u00f3lo por la camiseta azul, sino que por el pa\u00eds. <strong>Herrera ser\u00e1 el encargado de cuidar el p\u00f3rtico; la defensa de cuatro hombres estar\u00e1 armada por Acevedo, Jos\u00e9 Rojas llevando la jineta en el brazo, Osvaldo Gonz\u00e1lez y Keno Mena por izquierda; Mart\u00ednez, Mati Rodr\u00edguez y Charles Ar\u00e1nguiz moviendo los hilos en el mediocampo; mientras que el tridente de ataque ser\u00e1 con Lorenzetti, Ubilla y uno de los goleadores del torneo nacional, Enzo Guti\u00e9rrez en el centro<\/strong>.<\/p>\n<p>\u201cO peixe\u201d por su parte no contar\u00e1 con Ganso, recientemente vendido a Sao Paulo. De esta forma, la oncena dispuesta por Muricy Ramalho ser\u00e1 con Rafael bajo los tres palos; Bruno Peres, Bruno Rodrigo, Durval y Leo en la \u00faltima l\u00ednea; mediocampo para Adriano, Arouca, Felipe Anderson y Patricio Rodr\u00edguez; para dejar en ataque a Andr\u00e9 y al siempre temible Neymar.<\/p>\n<p><strong>Todo listo y dispuesto en Brasil. El estadio Pacaemb\u00fa recibir\u00e1 a partir de las 19:00 hrs. De nuestro pa\u00eds a los campeones de Am\u00e9rica y de la Bridgestone Sudamericana del 2011 para definir al rey definitivo de nuestro continente. El Rom\u00e1ntico Viajero va por una haza\u00f1a lejos de casa, y no una m\u00e1s, sino que la m\u00e1s importante de su historia. Todo lo puedes seguir en vivo, por el <em>Rinc\u00f3n del Bulla<\/em>.<\/strong><\/p>\n","protected":false},"excerpt":{"rendered":"<p>Universidad de Chile buscar\u00e1 en las tierras de Pel\u00e9 quedarse con el segundo t\u00edtulo internacional de su historia. La misi\u00f3n no es f\u00e1cil: al frente est\u00e1 el poderoso Santos, Neymar incluido. Todos los detalles para la gran final por el Rinc\u00f3n del Bulla.<\/p>\n","protected":false},"author":54,"featured_media":4857,"comment_status":"open","ping_status":"open","sticky":false,"template":"","format":"standard","meta":{"footnotes":""},"categories":[18],"tags":[454,37,113],"class_list":{"0":"post-3247","1":"post","2":"type-post","3":"status-publish","4":"format-standard","5":"has-post-thumbnail","7":"category-actualidad","8":"tag-actualidad","9":"tag-la-previa","10":"tag-recopa-sudamericana-2012"},"_links":{"self":[{"href":"http:\/\/www.rincondelbulla.cl\/portal\/wp-json\/wp\/v2\/posts\/3247","targetHints":{"allow":["GET"]}}],"collection":[{"href":"http:\/\/www.rincondelbulla.cl\/portal\/wp-json\/wp\/v2\/posts"}],"about":[{"href":"http:\/\/www.rincondelbulla.cl\/portal\/wp-json\/wp\/v2\/types\/post"}],"author":[{"embeddable":true,"href":"http:\/\/www.rincondelbulla.cl\/portal\/wp-json\/wp\/v2\/users\/54"}],"replies":[{"embeddable":true,"href":"http:\/\/www.rincondelbulla.cl\/portal\/wp-json\/wp\/v2\/comments?post=3247"}],"version-history":[{"count":0,"href":"http:\/\/www.rincondelbulla.cl\/portal\/wp-json\/wp\/v2\/posts\/3247\/revisions"}],"wp:featuredmedia":[{"embeddable":true,"href":"http:\/\/www.rincondelbulla.cl\/portal\/wp-json\/wp\/v2\/media\/4857"}],"wp:attachment":[{"href":"http:\/\/www.rincondelbulla.cl\/portal\/wp-json\/wp\/v2\/media?parent=3247"}],"wp:term":[{"taxonomy":"category","embeddable":true,"href":"http:\/\/www.rincondelbulla.cl\/portal\/wp-json\/wp\/v2\/categories?post=3247"},{"taxonomy":"post_tag","embeddable":true,"href":"http:\/\/www.rincondelbulla.cl\/portal\/wp-json\/wp\/v2\/tags?post=3247"}],"curies":[{"name":"wp","href":"https:\/\/api.w.org\/{rel}","templated":true}]}}