{"id":3249,"date":"2012-09-27T00:35:11","date_gmt":"2012-09-27T00:35:11","guid":{"rendered":"http:\/\/www.rincondelbulla.cl\/portal\/?p=3249"},"modified":"2012-09-27T00:35:11","modified_gmt":"2012-09-27T00:35:11","slug":"peso-la-falta-de-finiquito","status":"publish","type":"post","link":"http:\/\/www.rincondelbulla.cl\/portal\/2012\/09\/27\/peso-la-falta-de-finiquito\/","title":{"rendered":"Marca Personal: Pes\u00f3 la falta de finiquito"},"content":{"rendered":"<figure id=\"attachment_4859\" aria-describedby=\"caption-attachment-4859\" style=\"width: 700px\" class=\"wp-caption alignnone\"><img loading=\"lazy\" decoding=\"async\" class=\" size-full wp-image-4859\" src=\"http:\/\/www.rincondelbulla.cl\/portal\/wp-content\/uploads\/2012\/09\/f59311816482a3d5f8c36e096c535c01.jpg\" alt=\"Foto: Photosport\" class=\"caption\" title=\"La U no pudo en Brasil\" width=\"700\" height=\"396\" srcset=\"http:\/\/www.rincondelbulla.cl\/portal\/wp-content\/uploads\/2012\/09\/f59311816482a3d5f8c36e096c535c01.jpg 700w, http:\/\/www.rincondelbulla.cl\/portal\/wp-content\/uploads\/2012\/09\/f59311816482a3d5f8c36e096c535c01-300x170.jpg 300w, http:\/\/www.rincondelbulla.cl\/portal\/wp-content\/uploads\/2012\/09\/f59311816482a3d5f8c36e096c535c01-696x394.jpg 696w\" sizes=\"auto, (max-width: 700px) 100vw, 700px\" \/><figcaption id=\"caption-attachment-4859\" class=\"wp-caption-text\">La U no pudo en Brasil<\/figcaption><\/figure>\n<p><strong>Fue un partido de esos extra\u00f1os, de los que dejan un sabor agridulce. La U fue superior a Santos, lleg\u00f3 m\u00e1s veces y tuvo posesi\u00f3n del bal\u00f3n, sin embargo los brasile\u00f1os supieron jugar al contra ataque, de local y aprovecharon que tienen a uno de los mejores jugadores del mundo. No hubo puntos muy bajos en la U y, f\u00e1cilmente, la copa pudo venirse a Chile pero a estar orgullosos, que los Leones dejaron bien parado el nombre de Universidad de Chile en Am\u00e9rica y el mundo. Los azules, uno a uno, por Rinc\u00f3ndelbulla.<\/strong> <!--more--> <strong>Johnny Herrera:<\/strong> Tuvo un buen partido, en ambos goles nada que hacer. Le ataj\u00f3 un penal a Neymar y demostr\u00f3 que es el mejor de Chile. Bien en los centros y siempre atento. Nota: 7.0<\/p>\n<p><strong>Albert Acevedo:<\/strong> No hizo un mal partido. Bien en la marca y en el quite. Le cost\u00f3 cuando, al final, pas\u00f3 al ataque. Nota: 6.0<\/p>\n<p><strong>Jos\u00e9 Rojas:<\/strong> Muy bien. Quit\u00f3, corri\u00f3, luch\u00f3. Un coraz\u00f3n enorme y cada vez mejor en lo futbol\u00edstico. Nota: 7.0<\/p>\n<p><strong>Osvaldo Gonz\u00e1lez:<\/strong> Cometi\u00f3 un error y cost\u00f3 caro. Se lo llevaron en velocidad en el primer gol y le baj\u00f3 los bonos. Nota: 5.5<\/p>\n<p><strong>Sebasti\u00e1n Mart\u00ednez:<\/strong> Hizo un partido redondo. Casi anul\u00f3 a Neymar, nuevamente. Se dio el lujo de rematar de distancia y casi anota el descuento. Nota: 7.0<\/p>\n<p><strong>Eugenio Mena:<\/strong> Se mand\u00f3 por la banda cada vez que pudo pero le cost\u00f3 cuando ten\u00eda que hacer los centros. Gener\u00f3 peligro pero no fue suficiente. Nota: 5.5<\/p>\n<p><strong>Mat\u00edas Rodr\u00edguez:<\/strong> Muy bajo su partido. No pudo entrar en juego. En el primer gol no salt\u00f3 a cabecear y se lo sacaron con un t\u00fanel muy f\u00e1cil. Nota: 4.0<\/p>\n<p><strong>Charles Ar\u00e1nguiz:<\/strong> Bien en el tiempo que jug\u00f3, extra\u00f1\u00f3 su cambio. Se adue\u00f1\u00f3 del mediocampo y lleg\u00f3 en ataque. Nota: 6.5<\/p>\n<p><strong>Sebasti\u00e1n Ubilla:<\/strong> Lleg\u00f3 bien y mostr\u00f3 que sabe con el bal\u00f3n, sin embargo no marc\u00f3 y es lo que se le pide a los delanteros. Nota: 6.0<\/p>\n<p><strong>Gustavo Lorenzetti:<\/strong> Buen partido. Tom\u00f3 una mala decisi\u00f3n en el primer tiempo cuando pudo anotar y prefiri\u00f3 tocar al costado. Nota: 6.0<\/p>\n<p><strong>Enzo Gutierrez:<\/strong> No se le vio mucho, aunque aguant\u00f3 m\u00e1s balones que en otras ocasiones pero, como a Ubilla, se le exigen goles. Nota: 5.5<\/p>\n<p><strong>SUSTITUCIONES<\/strong><\/p>\n<p><strong>Guillermo Marino:<\/strong> Ingres\u00f3 en el segundo tiempo y le dio m\u00e1s calma y claridad al ataque de la U, aunque le quit\u00f3 velocidad. Nota: 5.5<\/p>\n<p><strong>Francisco Castro:<\/strong> No fue lo que se esperaba. Si bien lleg\u00f3 por la banda derecha no realiz\u00f3 alg\u00fan centro bueno. Nota: 5.5<\/p>\n<p><strong>Paulo Magalhaes:<\/strong> No gravit\u00f3. Ingres\u00f3 cuando quedaba poco tiempo y entr\u00f3 poco en juego.<\/p>\n<p><span style=\"font-family: Arial;\"><\/span><\/p>\n","protected":false},"excerpt":{"rendered":"<p>Fue un partido de esos extra\u00f1os, de los que dejan un sabor agridulce. La U fue superior a Santos, lleg\u00f3 m\u00e1s veces y tuvo posesi\u00f3n del bal\u00f3n, sin embargo los brasile\u00f1os supieron jugar al contra ataque, de local y aprovecharon que tienen a uno de los mejores jugadores del mundo. No hubo puntos muy bajos [&#8230;]<\/p>\n","protected":false},"author":57,"featured_media":4859,"comment_status":"open","ping_status":"open","sticky":false,"template":"","format":"standard","meta":{"footnotes":""},"categories":[18],"tags":[454,43,113],"class_list":{"0":"post-3249","1":"post","2":"type-post","3":"status-publish","4":"format-standard","5":"has-post-thumbnail","7":"category-actualidad","8":"tag-actualidad","9":"tag-marca-personal","10":"tag-recopa-sudamericana-2012"},"_links":{"self":[{"href":"http:\/\/www.rincondelbulla.cl\/portal\/wp-json\/wp\/v2\/posts\/3249","targetHints":{"allow":["GET"]}}],"collection":[{"href":"http:\/\/www.rincondelbulla.cl\/portal\/wp-json\/wp\/v2\/posts"}],"about":[{"href":"http:\/\/www.rincondelbulla.cl\/portal\/wp-json\/wp\/v2\/types\/post"}],"author":[{"embeddable":true,"href":"http:\/\/www.rincondelbulla.cl\/portal\/wp-json\/wp\/v2\/users\/57"}],"replies":[{"embeddable":true,"href":"http:\/\/www.rincondelbulla.cl\/portal\/wp-json\/wp\/v2\/comments?post=3249"}],"version-history":[{"count":0,"href":"http:\/\/www.rincondelbulla.cl\/portal\/wp-json\/wp\/v2\/posts\/3249\/revisions"}],"wp:featuredmedia":[{"embeddable":true,"href":"http:\/\/www.rincondelbulla.cl\/portal\/wp-json\/wp\/v2\/media\/4859"}],"wp:attachment":[{"href":"http:\/\/www.rincondelbulla.cl\/portal\/wp-json\/wp\/v2\/media?parent=3249"}],"wp:term":[{"taxonomy":"category","embeddable":true,"href":"http:\/\/www.rincondelbulla.cl\/portal\/wp-json\/wp\/v2\/categories?post=3249"},{"taxonomy":"post_tag","embeddable":true,"href":"http:\/\/www.rincondelbulla.cl\/portal\/wp-json\/wp\/v2\/tags?post=3249"}],"curies":[{"name":"wp","href":"https:\/\/api.w.org\/{rel}","templated":true}]}}