{"id":3250,"date":"2012-09-27T09:57:59","date_gmt":"2012-09-27T09:57:59","guid":{"rendered":"http:\/\/www.rincondelbulla.cl\/portal\/?p=3250"},"modified":"2012-09-27T09:57:59","modified_gmt":"2012-09-27T09:57:59","slug":"guillermo-marino-ahora-hay-que-levantar-la-cabeza-y-seguir-adelante","status":"publish","type":"post","link":"http:\/\/www.rincondelbulla.cl\/portal\/2012\/09\/27\/guillermo-marino-ahora-hay-que-levantar-la-cabeza-y-seguir-adelante\/","title":{"rendered":"Guillermo Marino: \u201cAhora hay que levantar la cabeza y seguir adelante\u201d"},"content":{"rendered":"<figure id=\"attachment_4860\" aria-describedby=\"caption-attachment-4860\" style=\"width: 700px\" class=\"wp-caption alignnone\"><img loading=\"lazy\" decoding=\"async\" class=\" size-full wp-image-4860\" src=\"http:\/\/www.rincondelbulla.cl\/portal\/wp-content\/uploads\/2012\/09\/fa1d42fea127795dea89c74e9db9e30c.jpg\" alt=\"Foto: Patricio Gonz\u00e1lez\" class=\"caption\" title=\"Ahora hay que levantar la cabeza y seguir adelante, dijo\" width=\"700\" height=\"396\" srcset=\"http:\/\/www.rincondelbulla.cl\/portal\/wp-content\/uploads\/2012\/09\/fa1d42fea127795dea89c74e9db9e30c.jpg 700w, http:\/\/www.rincondelbulla.cl\/portal\/wp-content\/uploads\/2012\/09\/fa1d42fea127795dea89c74e9db9e30c-300x170.jpg 300w, http:\/\/www.rincondelbulla.cl\/portal\/wp-content\/uploads\/2012\/09\/fa1d42fea127795dea89c74e9db9e30c-696x394.jpg 696w\" sizes=\"auto, (max-width: 700px) 100vw, 700px\" \/><figcaption id=\"caption-attachment-4860\" class=\"wp-caption-text\">Ahora hay que levantar la cabeza y seguir adelante, dijo<\/figcaption><\/figure>\n<p><strong>Para el medio campista la falta de concreci\u00f3n de las jugadas de gol fue lo que le paso la cuenta al equipo. <!--more--> <\/strong>La entrada en el segundo tiempo de Guillermo Marino fue para ayudar a Lorenzetti en la creaci\u00f3n, sin embargo no trascendi\u00f3 demasiado en el tr\u00e1mite del partido.<\/p>\n<p>El transandino en declaraciones a la se\u00f1al oficial asegur\u00f3 que a los azules les falt\u00f3 contundencia en la concreci\u00f3n de las oportunidades y que esta situaci\u00f3n hubiese cambiado si se hubiera cobrado el penal.<\/p>\n<p>Adem\u00e1s agreg\u00f3 que ahora el equipo debe erguirse y avanzar para los futuros compromisos que tiene el Rom\u00e1ntico Viajero<\/p>\n<p>{mp3}marino_santos{\/mp3}<\/p>\n<p>Si bien el ex Boca Juniors no mostr\u00f3 el nivel a que nos tiene acostumbrado, se nota que cuando no est\u00e1, el equipo carece de ideas y se not\u00f3 despu\u00e9s del segundo gol.<\/p>\n","protected":false},"excerpt":{"rendered":"<p>Para el medio campista la falta de concreci\u00f3n de las jugadas de gol fue lo que le paso la cuenta al equipo.<\/p>\n","protected":false},"author":63,"featured_media":4860,"comment_status":"open","ping_status":"open","sticky":false,"template":"","format":"standard","meta":{"footnotes":""},"categories":[18],"tags":[454,57,113],"class_list":{"0":"post-3250","1":"post","2":"type-post","3":"status-publish","4":"format-standard","5":"has-post-thumbnail","7":"category-actualidad","8":"tag-actualidad","9":"tag-guillermo-marino","10":"tag-recopa-sudamericana-2012"},"_links":{"self":[{"href":"http:\/\/www.rincondelbulla.cl\/portal\/wp-json\/wp\/v2\/posts\/3250","targetHints":{"allow":["GET"]}}],"collection":[{"href":"http:\/\/www.rincondelbulla.cl\/portal\/wp-json\/wp\/v2\/posts"}],"about":[{"href":"http:\/\/www.rincondelbulla.cl\/portal\/wp-json\/wp\/v2\/types\/post"}],"author":[{"embeddable":true,"href":"http:\/\/www.rincondelbulla.cl\/portal\/wp-json\/wp\/v2\/users\/63"}],"replies":[{"embeddable":true,"href":"http:\/\/www.rincondelbulla.cl\/portal\/wp-json\/wp\/v2\/comments?post=3250"}],"version-history":[{"count":0,"href":"http:\/\/www.rincondelbulla.cl\/portal\/wp-json\/wp\/v2\/posts\/3250\/revisions"}],"wp:featuredmedia":[{"embeddable":true,"href":"http:\/\/www.rincondelbulla.cl\/portal\/wp-json\/wp\/v2\/media\/4860"}],"wp:attachment":[{"href":"http:\/\/www.rincondelbulla.cl\/portal\/wp-json\/wp\/v2\/media?parent=3250"}],"wp:term":[{"taxonomy":"category","embeddable":true,"href":"http:\/\/www.rincondelbulla.cl\/portal\/wp-json\/wp\/v2\/categories?post=3250"},{"taxonomy":"post_tag","embeddable":true,"href":"http:\/\/www.rincondelbulla.cl\/portal\/wp-json\/wp\/v2\/tags?post=3250"}],"curies":[{"name":"wp","href":"https:\/\/api.w.org\/{rel}","templated":true}]}}