{"id":3251,"date":"2012-09-27T10:04:05","date_gmt":"2012-09-27T10:04:05","guid":{"rendered":"http:\/\/www.rincondelbulla.cl\/portal\/?p=3251"},"modified":"2012-09-27T10:04:05","modified_gmt":"2012-09-27T10:04:05","slug":"sebastian-ubilla-vinimos-a-hacer-historia-aca","status":"publish","type":"post","link":"http:\/\/www.rincondelbulla.cl\/portal\/2012\/09\/27\/sebastian-ubilla-vinimos-a-hacer-historia-aca\/","title":{"rendered":"Sebasti\u00e1n Ubilla: \u201cVinimos a hacer historia ac\u00e1\u201d"},"content":{"rendered":"<figure id=\"attachment_4861\" aria-describedby=\"caption-attachment-4861\" style=\"width: 700px\" class=\"wp-caption alignnone\"><img loading=\"lazy\" decoding=\"async\" class=\" size-full wp-image-4861\" src=\"http:\/\/www.rincondelbulla.cl\/portal\/wp-content\/uploads\/2012\/09\/f6eb4e07ae4e91398796ac5a7ad27b55.jpg\" alt=\"Foto: Photosport\" class=\"caption\" title=\"Tuvo un primer tiempo prometedor, lamentablemente bajo su nivel en la segunda etapa\" width=\"700\" height=\"396\" srcset=\"http:\/\/www.rincondelbulla.cl\/portal\/wp-content\/uploads\/2012\/09\/f6eb4e07ae4e91398796ac5a7ad27b55.jpg 700w, http:\/\/www.rincondelbulla.cl\/portal\/wp-content\/uploads\/2012\/09\/f6eb4e07ae4e91398796ac5a7ad27b55-300x170.jpg 300w, http:\/\/www.rincondelbulla.cl\/portal\/wp-content\/uploads\/2012\/09\/f6eb4e07ae4e91398796ac5a7ad27b55-696x394.jpg 696w\" sizes=\"auto, (max-width: 700px) 100vw, 700px\" \/><figcaption id=\"caption-attachment-4861\" class=\"wp-caption-text\">Tuvo un primer tiempo prometedor, lamentablemente bajo su nivel en la segunda etapa<\/figcaption><\/figure>\n<p><strong>El ex Wanderers lament\u00f3 que no se hubieran dado las cosas como esperaban, pero hay que rescatar que el equipo dej\u00f3 todo en la cancha. <!--more--> <\/strong>Tuvo un primer tiempo prometedor, lamentablemente bajo su nivel en la segunda etapa. Que se not\u00f3 ostensiblemente.<\/p>\n<p>El porte\u00f1o se\u00f1al\u00f3 a la se\u00f1al oficial que el equipo ven\u00eda con la intenci\u00f3n de entrar en la historia grande del f\u00fatbol sudamericano, pero pese a todos los esfuerzos no se pudo<\/p>\n<p>{mp3}ubilla_santos1{\/mp3}<\/p>\n<p>Adem\u00e1s Ubilla lament\u00f3 la forma en que se abri\u00f3 la cuenta, ya que los azules estaban pasando por un gran momento en el partido<\/p>\n<p>{mp3}ubilla_santos2{\/mp3}<\/p>\n<p>Sebasti\u00e1n Ubilla demostr\u00f3 que estando en buenas condiciones es un aporte al esquema de Sampaoli. Por su mala fortuna la lesi\u00f3n que lo tuvo fuera de las canchas le pas\u00f3 la cuenta en el segundo tiempo, donde bajo su nivel ostensiblemente.<\/p>\n","protected":false},"excerpt":{"rendered":"<p>El ex Wanderers lament\u00f3 que no se hubieran dado las cosas como esperaban, pero hay que rescatar que el equipo dej\u00f3 todo en la cancha.<\/p>\n","protected":false},"author":63,"featured_media":4861,"comment_status":"open","ping_status":"open","sticky":false,"template":"","format":"standard","meta":{"footnotes":""},"categories":[18],"tags":[454,113,118],"class_list":{"0":"post-3251","1":"post","2":"type-post","3":"status-publish","4":"format-standard","5":"has-post-thumbnail","7":"category-actualidad","8":"tag-actualidad","9":"tag-recopa-sudamericana-2012","10":"tag-sebastian-ubilla"},"_links":{"self":[{"href":"http:\/\/www.rincondelbulla.cl\/portal\/wp-json\/wp\/v2\/posts\/3251","targetHints":{"allow":["GET"]}}],"collection":[{"href":"http:\/\/www.rincondelbulla.cl\/portal\/wp-json\/wp\/v2\/posts"}],"about":[{"href":"http:\/\/www.rincondelbulla.cl\/portal\/wp-json\/wp\/v2\/types\/post"}],"author":[{"embeddable":true,"href":"http:\/\/www.rincondelbulla.cl\/portal\/wp-json\/wp\/v2\/users\/63"}],"replies":[{"embeddable":true,"href":"http:\/\/www.rincondelbulla.cl\/portal\/wp-json\/wp\/v2\/comments?post=3251"}],"version-history":[{"count":0,"href":"http:\/\/www.rincondelbulla.cl\/portal\/wp-json\/wp\/v2\/posts\/3251\/revisions"}],"wp:featuredmedia":[{"embeddable":true,"href":"http:\/\/www.rincondelbulla.cl\/portal\/wp-json\/wp\/v2\/media\/4861"}],"wp:attachment":[{"href":"http:\/\/www.rincondelbulla.cl\/portal\/wp-json\/wp\/v2\/media?parent=3251"}],"wp:term":[{"taxonomy":"category","embeddable":true,"href":"http:\/\/www.rincondelbulla.cl\/portal\/wp-json\/wp\/v2\/categories?post=3251"},{"taxonomy":"post_tag","embeddable":true,"href":"http:\/\/www.rincondelbulla.cl\/portal\/wp-json\/wp\/v2\/tags?post=3251"}],"curies":[{"name":"wp","href":"https:\/\/api.w.org\/{rel}","templated":true}]}}