{"id":3252,"date":"2012-09-27T10:09:52","date_gmt":"2012-09-27T10:09:52","guid":{"rendered":"http:\/\/www.rincondelbulla.cl\/portal\/?p=3252"},"modified":"2012-09-27T10:09:52","modified_gmt":"2012-09-27T10:09:52","slug":"jose-rojas-es-una-pena-por-nuestra-gente","status":"publish","type":"post","link":"http:\/\/www.rincondelbulla.cl\/portal\/2012\/09\/27\/jose-rojas-es-una-pena-por-nuestra-gente\/","title":{"rendered":"Jos\u00e9 Rojas: \u201cEs una pena por nuestra gente\u201d"},"content":{"rendered":"<figure id=\"attachment_4862\" aria-describedby=\"caption-attachment-4862\" style=\"width: 700px\" class=\"wp-caption alignnone\"><img loading=\"lazy\" decoding=\"async\" class=\" size-full wp-image-4862\" src=\"http:\/\/www.rincondelbulla.cl\/portal\/wp-content\/uploads\/2012\/09\/9b257e5d53552ed464780f3e3eb499e6.jpg\" alt=\"Foto: Photosport\" class=\"caption\" title=\" asegur\u00f3 el Le\u00f3n sali\u00f3 a jugar el partido sin achicarse frente a Santos\" width=\"700\" height=\"396\" srcset=\"http:\/\/www.rincondelbulla.cl\/portal\/wp-content\/uploads\/2012\/09\/9b257e5d53552ed464780f3e3eb499e6.jpg 700w, http:\/\/www.rincondelbulla.cl\/portal\/wp-content\/uploads\/2012\/09\/9b257e5d53552ed464780f3e3eb499e6-300x170.jpg 300w, http:\/\/www.rincondelbulla.cl\/portal\/wp-content\/uploads\/2012\/09\/9b257e5d53552ed464780f3e3eb499e6-696x394.jpg 696w\" sizes=\"auto, (max-width: 700px) 100vw, 700px\" \/><figcaption id=\"caption-attachment-4862\" class=\"wp-caption-text\">asegur\u00f3 el Le\u00f3n sali\u00f3 a jugar el partido sin achicarse frente a Santos<\/figcaption><\/figure>\n<p><strong>El capit\u00e1n azul asegur\u00f3 que el equipo trat\u00f3 de jugar como siempre lo hace, llendo al frente arriesgando formula que la ha dado tantas alegr\u00edas al equipo, pero que esta vez les toc\u00f3 perder. <!--more--> <\/strong>Tras el partidos Jos\u00e9 \u201cPep\u00e9\u201d en declaraciones a la cadena Fox, asegur\u00f3 el Le\u00f3n sali\u00f3 a jugar el partido sin achicarse frente a Santos y eso es rescatable.<\/p>\n<p>Para el Capit\u00e1n lo lamentable&nbsp; es la pena que siente la&nbsp; gente que vive y sufre por el Rom\u00e1ntico Viajero<\/p>\n<p>{mp3}rojas_santos1{\/mp3}<\/p>\n<p>Con respecto al desarrollo del partido, Rojas asegur\u00f3 que se trat\u00f3 por todos los medios de superar a Neymar y compa\u00f1\u00eda, pero lastimosamente no se pudo&nbsp;&nbsp; &nbsp;<\/p>\n<p>{mp3}rojas_santos2{\/mp3}<\/p>\n<p>Dando vuelta la p\u00e1gina el Estandarte Azul vuelve a Santiago pensando en el partido de este domingo frente a Uni\u00f3n Calera.<\/p>\n","protected":false},"excerpt":{"rendered":"<p>El capit\u00e1n azul asegur\u00f3 que el equipo trat\u00f3 de jugar como siempre lo hace, llendo al frente arriesgando formula que la ha dado tantas alegr\u00edas al equipo, pero que esta vez les toc\u00f3 perder.<\/p>\n","protected":false},"author":63,"featured_media":4862,"comment_status":"open","ping_status":"open","sticky":false,"template":"","format":"standard","meta":{"footnotes":""},"categories":[18],"tags":[454,51,113],"class_list":{"0":"post-3252","1":"post","2":"type-post","3":"status-publish","4":"format-standard","5":"has-post-thumbnail","7":"category-actualidad","8":"tag-actualidad","9":"tag-jose-rojas","10":"tag-recopa-sudamericana-2012"},"_links":{"self":[{"href":"http:\/\/www.rincondelbulla.cl\/portal\/wp-json\/wp\/v2\/posts\/3252","targetHints":{"allow":["GET"]}}],"collection":[{"href":"http:\/\/www.rincondelbulla.cl\/portal\/wp-json\/wp\/v2\/posts"}],"about":[{"href":"http:\/\/www.rincondelbulla.cl\/portal\/wp-json\/wp\/v2\/types\/post"}],"author":[{"embeddable":true,"href":"http:\/\/www.rincondelbulla.cl\/portal\/wp-json\/wp\/v2\/users\/63"}],"replies":[{"embeddable":true,"href":"http:\/\/www.rincondelbulla.cl\/portal\/wp-json\/wp\/v2\/comments?post=3252"}],"version-history":[{"count":0,"href":"http:\/\/www.rincondelbulla.cl\/portal\/wp-json\/wp\/v2\/posts\/3252\/revisions"}],"wp:featuredmedia":[{"embeddable":true,"href":"http:\/\/www.rincondelbulla.cl\/portal\/wp-json\/wp\/v2\/media\/4862"}],"wp:attachment":[{"href":"http:\/\/www.rincondelbulla.cl\/portal\/wp-json\/wp\/v2\/media?parent=3252"}],"wp:term":[{"taxonomy":"category","embeddable":true,"href":"http:\/\/www.rincondelbulla.cl\/portal\/wp-json\/wp\/v2\/categories?post=3252"},{"taxonomy":"post_tag","embeddable":true,"href":"http:\/\/www.rincondelbulla.cl\/portal\/wp-json\/wp\/v2\/tags?post=3252"}],"curies":[{"name":"wp","href":"https:\/\/api.w.org\/{rel}","templated":true}]}}