{"id":3253,"date":"2012-09-27T10:14:17","date_gmt":"2012-09-27T10:14:17","guid":{"rendered":"http:\/\/www.rincondelbulla.cl\/portal\/?p=3253"},"modified":"2012-09-27T10:14:17","modified_gmt":"2012-09-27T10:14:17","slug":"jorge-sampaoli-con-la-dignidad-que-jugaron-es-valorable","status":"publish","type":"post","link":"http:\/\/www.rincondelbulla.cl\/portal\/2012\/09\/27\/jorge-sampaoli-con-la-dignidad-que-jugaron-es-valorable\/","title":{"rendered":"Jorge Sampaoli: \u201cCon la dignidad que jugaron es valorable\u201d"},"content":{"rendered":"<figure id=\"attachment_4863\" aria-describedby=\"caption-attachment-4863\" style=\"width: 700px\" class=\"wp-caption alignnone\"><img loading=\"lazy\" decoding=\"async\" class=\" size-full wp-image-4863\" src=\"http:\/\/www.rincondelbulla.cl\/portal\/wp-content\/uploads\/2012\/09\/a83c9f9d6dfe3ae229ed95414bafbff3.jpg\" alt=\"Foto: Photosport\" class=\"caption\" title=\"Para Jorge Sampaoli el partido lo dominaron sus dirigidos\" width=\"700\" height=\"396\" srcset=\"http:\/\/www.rincondelbulla.cl\/portal\/wp-content\/uploads\/2012\/09\/a83c9f9d6dfe3ae229ed95414bafbff3.jpg 700w, http:\/\/www.rincondelbulla.cl\/portal\/wp-content\/uploads\/2012\/09\/a83c9f9d6dfe3ae229ed95414bafbff3-300x170.jpg 300w, http:\/\/www.rincondelbulla.cl\/portal\/wp-content\/uploads\/2012\/09\/a83c9f9d6dfe3ae229ed95414bafbff3-696x394.jpg 696w\" sizes=\"auto, (max-width: 700px) 100vw, 700px\" \/><figcaption id=\"caption-attachment-4863\" class=\"wp-caption-text\">Para Jorge Sampaoli el partido lo dominaron sus dirigidos<\/figcaption><\/figure>\n<p><strong>El casildense asegur\u00f3 que el partido fue dominado por la U en bastantes pasajes del partido, pero que lamentablemente no se pudieron concretar las oportunidades de gol. <!--more--> <\/strong>Para Jorge Sampaoli el partido lo dominaron sus dirigidos. En su an\u00e1lisis el argentino asegura que el primer tiempo que el Le\u00f3n se tuvo que ir en ventaja y que el gol de pelota parada en la etapa final puso cuesta arriba el partido.<\/p>\n<p>Adem\u00e1s asegur\u00f3 que la actitud de sus adiestrados es valorable por la instancia y con el equipo que se estaba jugando<\/p>\n<p>{mp3}sampaoli_santos1{\/mp3}<\/p>\n<p>Sobre el \u00e1nimo del Cuadro M\u00e1gico tras la segunda cifra, el argentino no cree que afectara&nbsp; mayormente<\/p>\n<p>{mp3}sampaoli_santos2{\/mp3}<\/p>\n<p>Un tema que ronda en el ambiente futbol\u00edstico es la falta de gol que a mostrado la U en este \u00faltimo tiempo. Para muchos esta situaci\u00f3n se debe a la partida de jugadores como \u00c1ngelo Henr\u00edquez o Junior Fernandes. Para Don Sampa esas situaciones ya son historias<\/p>\n<p>{mp3}sampaoli_santos3{\/mp3}<\/p>\n<p>Sin embargo reconoci\u00f3 que la falta de concreci\u00f3n es lo que est\u00e1 haciendo que el Rom\u00e1ntico Viajero pierda estos partido en donde maneja las acciones, pero que se termina perdiendo.<\/p>\n<p>{mp3}sampaoli_santos4{\/mp3}<\/p>\n<p>Para algunos la derrota frente a Santos es el fin del exitoso ciclo de Jorge Sampaoli&nbsp; en la Universidad de Chile, sin embargo el mismo casildense ha dejado en claro que&nbsp; tiene contrato hasta el 2013 con los Azules y que espera completarlo.<\/p>\n","protected":false},"excerpt":{"rendered":"<p>El casildense asegur\u00f3 que el partido fue dominado por la U en bastantes pasajes del partido, pero que lamentablemente no se pudieron concretar las oportunidades de gol.<\/p>\n","protected":false},"author":63,"featured_media":4863,"comment_status":"open","ping_status":"open","sticky":false,"template":"","format":"standard","meta":{"footnotes":""},"categories":[18],"tags":[454,40,113],"class_list":{"0":"post-3253","1":"post","2":"type-post","3":"status-publish","4":"format-standard","5":"has-post-thumbnail","7":"category-actualidad","8":"tag-actualidad","9":"tag-jorge-sampaoli","10":"tag-recopa-sudamericana-2012"},"_links":{"self":[{"href":"http:\/\/www.rincondelbulla.cl\/portal\/wp-json\/wp\/v2\/posts\/3253","targetHints":{"allow":["GET"]}}],"collection":[{"href":"http:\/\/www.rincondelbulla.cl\/portal\/wp-json\/wp\/v2\/posts"}],"about":[{"href":"http:\/\/www.rincondelbulla.cl\/portal\/wp-json\/wp\/v2\/types\/post"}],"author":[{"embeddable":true,"href":"http:\/\/www.rincondelbulla.cl\/portal\/wp-json\/wp\/v2\/users\/63"}],"replies":[{"embeddable":true,"href":"http:\/\/www.rincondelbulla.cl\/portal\/wp-json\/wp\/v2\/comments?post=3253"}],"version-history":[{"count":0,"href":"http:\/\/www.rincondelbulla.cl\/portal\/wp-json\/wp\/v2\/posts\/3253\/revisions"}],"wp:featuredmedia":[{"embeddable":true,"href":"http:\/\/www.rincondelbulla.cl\/portal\/wp-json\/wp\/v2\/media\/4863"}],"wp:attachment":[{"href":"http:\/\/www.rincondelbulla.cl\/portal\/wp-json\/wp\/v2\/media?parent=3253"}],"wp:term":[{"taxonomy":"category","embeddable":true,"href":"http:\/\/www.rincondelbulla.cl\/portal\/wp-json\/wp\/v2\/categories?post=3253"},{"taxonomy":"post_tag","embeddable":true,"href":"http:\/\/www.rincondelbulla.cl\/portal\/wp-json\/wp\/v2\/tags?post=3253"}],"curies":[{"name":"wp","href":"https:\/\/api.w.org\/{rel}","templated":true}]}}