{"id":3254,"date":"2012-09-28T13:12:17","date_gmt":"2012-09-28T13:12:17","guid":{"rendered":"http:\/\/www.rincondelbulla.cl\/portal\/?p=3254"},"modified":"2012-09-28T13:12:17","modified_gmt":"2012-09-28T13:12:17","slug":"las-formulas-de-azul-azul-para-retener-a-sampaoli","status":"publish","type":"post","link":"http:\/\/www.rincondelbulla.cl\/portal\/2012\/09\/28\/las-formulas-de-azul-azul-para-retener-a-sampaoli\/","title":{"rendered":"Las f\u00f3rmulas de Azul Azul para retener a Sampaoli"},"content":{"rendered":"<figure id=\"attachment_4864\" aria-describedby=\"caption-attachment-4864\" style=\"width: 700px\" class=\"wp-caption alignnone\"><img loading=\"lazy\" decoding=\"async\" class=\" size-full wp-image-4864\" src=\"http:\/\/www.rincondelbulla.cl\/portal\/wp-content\/uploads\/2012\/09\/7ba5e11106dd7feb7611e06f19eb9d6d.jpg\" alt=\"Foto: Claudio C\u00e1ceres\" class=\"caption\" title=\"La \u201cU\u201d elabor\u00f3 propuestas para que contin\u00fae hasta 2014\" width=\"700\" height=\"396\" srcset=\"http:\/\/www.rincondelbulla.cl\/portal\/wp-content\/uploads\/2012\/09\/7ba5e11106dd7feb7611e06f19eb9d6d.jpg 700w, http:\/\/www.rincondelbulla.cl\/portal\/wp-content\/uploads\/2012\/09\/7ba5e11106dd7feb7611e06f19eb9d6d-300x170.jpg 300w, http:\/\/www.rincondelbulla.cl\/portal\/wp-content\/uploads\/2012\/09\/7ba5e11106dd7feb7611e06f19eb9d6d-696x394.jpg 696w\" sizes=\"auto, (max-width: 700px) 100vw, 700px\" \/><figcaption id=\"caption-attachment-4864\" class=\"wp-caption-text\">La \u201cU\u201d elabor\u00f3 propuestas para que contin\u00fae hasta 2014<\/figcaption><\/figure>\n<p><strong>M\u00e1s all\u00e1 de los \u00faltimos traspi\u00e9s, la \u201cU\u201d elabor\u00f3 propuestas para que contin\u00fae hasta 2014, pues saben que analizar\u00e1 ofertas en diciembre. <!--more--> <\/strong>No se apuran, pero en Azul Azul han ocupado los \u00faltimos d\u00edas para avanzar en lograr las f\u00f3rmulas que permitan retener a Jorge Sampaoli m\u00e1s all\u00e1 de diciembre de 2013, a\u00f1o en que expira su contrato.<\/p>\n<p>Mientras el discurso p\u00fablico es que a fin de a\u00f1o se ver\u00e1n todos los temas de contratos, la concesionaria prepar\u00f3 un par de seductoras propuestas que permitan retener a su DT, sabiendo que al finalizar el Torneo de Clausura, el casildense analizar\u00e1 las ofertas de equipos extranjeros que est\u00e9n interesados en sus servicios.<\/p>\n<p>En Azul Azul saben que esos ofrecimientos podr\u00edan motivar la salida del mejor director t\u00e9cnico en la historia del club, m\u00e1s all\u00e1 de que en su contrato se estipule una cl\u00e1usula de salida de US$ 1,1 millones. Los recientes traspi\u00e9s internacionales (perdieron la Copa Suruga y la Recopa) no mermaron la intenci\u00f3n de la regencia azul de lograr la continuidad por un per\u00edodo m\u00e1s extenso del DT.<\/p>\n<p>Para seducirlo, definieron que reforzar\u00e1n convenientemente el plantel para pelear la Copa Libertadores del pr\u00f3ximo a\u00f1o, logro que le quita el sue\u00f1o a Sampaoli y que ya lo llev\u00f3 a rechazar dos millonarias propuestas para dirigir a la selecci\u00f3n de Emiratos Arabes Unidos (por US$ 4 y luego US$ 6 millones por a\u00f1o).<\/p>\n<p>\u201cSin volvernos locos, se va a invertir para cumplir con los pedidos de nuestro t\u00e9cnico. Es l\u00f3gico que se piense en comprar goles (un delantero) y eso sale caro en Sudam\u00e9rica. Pero se har\u00e1n los esfuerzos para dejar tranquilo al DT\u201d, dicen en la concesionaria.<\/p>\n<p>Adem\u00e1s, Azul Azul eval\u00faa un nuevo incremento en los salarios de todo su cuerpo t\u00e9cnico. Los dos aspectos anteriores se reflejar\u00e1n en una millonaria inversi\u00f3n. \u201cLa idea es que siga, al menos, hasta 2014. Tiene contrato, pero es ilusorio pensar que no va a tener ofertas. Para evitar que parta, le presentaremos propuestas que est\u00e1n muy afinadas\u201d, a\u00f1aden en el club.<\/p>\n<p>La dirigencia cree que una buena actuaci\u00f3n en la Sudamericana (debutan el martes contra Emelec) ser\u00eda un buen aliciente para cimentar, junto a la propuesta, la continuidad del t\u00e9cnico. Lo mismo esperan le suceda si logran el tetracampeonato.<\/p>\n<p><strong>La preocupaci\u00f3n<\/strong><\/p>\n<p>Sin embargo, en Azul Azul est\u00e1n conscientes de un escenario que ser\u00eda insalvable en cuanto a la continuidad del DT. Saben que una oferta desde la ANFP para que se haga cargo de la selecci\u00f3n chilena, en caso de que Claudio Borghi no siga despu\u00e9s de los partidos de octubre, ante Ecuador y Argentina, har\u00eda imposible retenerlo, pues ese es el deseo futuro del t\u00e9cnico.<\/p>\n<p>\u201cSer\u00eda el \u00fanico escenario que casi con seguridad impedir\u00eda retenerlo, por ser un desaf\u00edo al que todo t\u00e9cnico aspira\u201d, a\u00f1aden en el club, donde ya se mueven por su DT .<\/p>\n<p><strong>Fuente:<\/strong> La Tercera<\/p>\n","protected":false},"excerpt":{"rendered":"<p>M\u00e1s all\u00e1 de los \u00faltimos traspi\u00e9s, la \u201cU\u201d elabor\u00f3 propuestas para que contin\u00fae hasta 2014, pues saben que analizar\u00e1 ofertas en diciembre.<\/p>\n","protected":false},"author":1,"featured_media":4864,"comment_status":"open","ping_status":"open","sticky":false,"template":"","format":"standard","meta":{"footnotes":""},"categories":[18],"tags":[454,112,40],"class_list":{"0":"post-3254","1":"post","2":"type-post","3":"status-publish","4":"format-standard","5":"has-post-thumbnail","7":"category-actualidad","8":"tag-actualidad","9":"tag-clausura-2012","10":"tag-jorge-sampaoli"},"_links":{"self":[{"href":"http:\/\/www.rincondelbulla.cl\/portal\/wp-json\/wp\/v2\/posts\/3254","targetHints":{"allow":["GET"]}}],"collection":[{"href":"http:\/\/www.rincondelbulla.cl\/portal\/wp-json\/wp\/v2\/posts"}],"about":[{"href":"http:\/\/www.rincondelbulla.cl\/portal\/wp-json\/wp\/v2\/types\/post"}],"author":[{"embeddable":true,"href":"http:\/\/www.rincondelbulla.cl\/portal\/wp-json\/wp\/v2\/users\/1"}],"replies":[{"embeddable":true,"href":"http:\/\/www.rincondelbulla.cl\/portal\/wp-json\/wp\/v2\/comments?post=3254"}],"version-history":[{"count":0,"href":"http:\/\/www.rincondelbulla.cl\/portal\/wp-json\/wp\/v2\/posts\/3254\/revisions"}],"wp:featuredmedia":[{"embeddable":true,"href":"http:\/\/www.rincondelbulla.cl\/portal\/wp-json\/wp\/v2\/media\/4864"}],"wp:attachment":[{"href":"http:\/\/www.rincondelbulla.cl\/portal\/wp-json\/wp\/v2\/media?parent=3254"}],"wp:term":[{"taxonomy":"category","embeddable":true,"href":"http:\/\/www.rincondelbulla.cl\/portal\/wp-json\/wp\/v2\/categories?post=3254"},{"taxonomy":"post_tag","embeddable":true,"href":"http:\/\/www.rincondelbulla.cl\/portal\/wp-json\/wp\/v2\/tags?post=3254"}],"curies":[{"name":"wp","href":"https:\/\/api.w.org\/{rel}","templated":true}]}}