{"id":3266,"date":"2012-10-03T09:18:21","date_gmt":"2012-10-03T09:18:21","guid":{"rendered":"http:\/\/www.rincondelbulla.cl\/portal\/?p=3266"},"modified":"2012-10-03T09:18:21","modified_gmt":"2012-10-03T09:18:21","slug":"sebastian-ubilla-contento-con-el-gol-pero-triste-por-el-resultado","status":"publish","type":"post","link":"http:\/\/www.rincondelbulla.cl\/portal\/2012\/10\/03\/sebastian-ubilla-contento-con-el-gol-pero-triste-por-el-resultado\/","title":{"rendered":"Sebasti\u00e1n Ubilla: \u201cContento con el gol, pero triste por el resultado\u201d"},"content":{"rendered":"<figure id=\"attachment_4876\" aria-describedby=\"caption-attachment-4876\" style=\"width: 700px\" class=\"wp-caption alignnone\"><img loading=\"lazy\" decoding=\"async\" class=\" size-full wp-image-4876\" src=\"http:\/\/www.rincondelbulla.cl\/portal\/wp-content\/uploads\/2012\/10\/b87c134cd23b8ffa5c5274690eef4169.jpg\" alt=\"Foto: Claudio C\u00e1ceres\" class=\"caption\" title=\"El porte\u00f1o anot\u00f3 su primer gol por la Universidad de Chile\" width=\"700\" height=\"396\" srcset=\"http:\/\/www.rincondelbulla.cl\/portal\/wp-content\/uploads\/2012\/10\/b87c134cd23b8ffa5c5274690eef4169.jpg 700w, http:\/\/www.rincondelbulla.cl\/portal\/wp-content\/uploads\/2012\/10\/b87c134cd23b8ffa5c5274690eef4169-300x170.jpg 300w, http:\/\/www.rincondelbulla.cl\/portal\/wp-content\/uploads\/2012\/10\/b87c134cd23b8ffa5c5274690eef4169-696x394.jpg 696w\" sizes=\"auto, (max-width: 700px) 100vw, 700px\" \/><figcaption id=\"caption-attachment-4876\" class=\"wp-caption-text\">El porte\u00f1o anot\u00f3 su primer gol por la Universidad de Chile<\/figcaption><\/figure>\n<p><strong>El porte\u00f1o anot\u00f3 su primer gol por la Universidad de Chile, siendo unos de los puntos altos en el equipo Laico en la segunda etapa.<\/strong><\/p>\n<p>  <!--more-->  <\/p>\n<p>Lleg\u00f3 a mitad de a\u00f1o al plantel y no ha podido consolidarse de manera cabal en el equipo de Sampaoli debido a sus lesiones. Sin embargo Sebasti\u00e1n Ubilla a desmostrado que cuando anda con las luces encendidas es un aporte. Hoy marc\u00f3 el empate del Rom\u00e1ntico Viajero y fue puntal en la remontada del equipo en el segundo tiempo.<\/p>\n<p>&nbsp;<\/p>\n<p>En declaraciones a la cadena Fox, el oriundo de la Quinta Regi\u00f3n se mostr\u00f3 feliz por su primer gol con los colores del actual Campe\u00f3n de la Sudamericana, pero lamento el resultado final &nbsp;<\/p>\n<p>{mp3}ubilla_emelec1{\/mp3}<\/p>\n<p>Sobre el desarrollo del partido Ubilla consider\u00f3 que fue muy complicado y&nbsp; con bastante intensidad, donde solo en el segundo tiempo el Le\u00f3n logr\u00f3 hacer el juego que deseaba<\/p>\n<p>{mp3}ubilla_emelec2{\/mp3}<\/p>\n<p>El ex Wanderers asegur\u00f3 que los El\u00e9ctricos son un equipo muy ordenado a los cuales costaba sobrepasar, pero con ganas y garra la doblegaron. &nbsp;<\/p>\n<p>{mp3}ubilla_emelec3{\/mp3}<\/p>\n<p>Lamentablemente su primer gol en la U no fue lo que esperaba, pero si sigue por esta senda seguramente los goles de Sebasti\u00e1n Ubilla dar\u00e1n muchas satisfacciones a los hinchas azules.<\/p>\n","protected":false},"excerpt":{"rendered":"<p>El porte\u00f1o anot\u00f3 su primer gol por la Universidad de Chile, siendo unos de los puntos altos en el equipo Laico en la segunda etapa.<\/p>\n","protected":false},"author":63,"featured_media":4876,"comment_status":"open","ping_status":"open","sticky":false,"template":"","format":"standard","meta":{"footnotes":""},"categories":[18],"tags":[454,123,118],"class_list":{"0":"post-3266","1":"post","2":"type-post","3":"status-publish","4":"format-standard","5":"has-post-thumbnail","7":"category-actualidad","8":"tag-actualidad","9":"tag-copa-sudamericana-2012","10":"tag-sebastian-ubilla"},"_links":{"self":[{"href":"http:\/\/www.rincondelbulla.cl\/portal\/wp-json\/wp\/v2\/posts\/3266","targetHints":{"allow":["GET"]}}],"collection":[{"href":"http:\/\/www.rincondelbulla.cl\/portal\/wp-json\/wp\/v2\/posts"}],"about":[{"href":"http:\/\/www.rincondelbulla.cl\/portal\/wp-json\/wp\/v2\/types\/post"}],"author":[{"embeddable":true,"href":"http:\/\/www.rincondelbulla.cl\/portal\/wp-json\/wp\/v2\/users\/63"}],"replies":[{"embeddable":true,"href":"http:\/\/www.rincondelbulla.cl\/portal\/wp-json\/wp\/v2\/comments?post=3266"}],"version-history":[{"count":0,"href":"http:\/\/www.rincondelbulla.cl\/portal\/wp-json\/wp\/v2\/posts\/3266\/revisions"}],"wp:featuredmedia":[{"embeddable":true,"href":"http:\/\/www.rincondelbulla.cl\/portal\/wp-json\/wp\/v2\/media\/4876"}],"wp:attachment":[{"href":"http:\/\/www.rincondelbulla.cl\/portal\/wp-json\/wp\/v2\/media?parent=3266"}],"wp:term":[{"taxonomy":"category","embeddable":true,"href":"http:\/\/www.rincondelbulla.cl\/portal\/wp-json\/wp\/v2\/categories?post=3266"},{"taxonomy":"post_tag","embeddable":true,"href":"http:\/\/www.rincondelbulla.cl\/portal\/wp-json\/wp\/v2\/tags?post=3266"}],"curies":[{"name":"wp","href":"https:\/\/api.w.org\/{rel}","templated":true}]}}