{"id":3267,"date":"2012-10-03T09:24:51","date_gmt":"2012-10-03T09:24:51","guid":{"rendered":"http:\/\/www.rincondelbulla.cl\/portal\/?p=3267"},"modified":"2012-10-03T09:24:51","modified_gmt":"2012-10-03T09:24:51","slug":"jorge-sampaoli-no-le-encontramos-la-vuelta-al-juego","status":"publish","type":"post","link":"http:\/\/www.rincondelbulla.cl\/portal\/2012\/10\/03\/jorge-sampaoli-no-le-encontramos-la-vuelta-al-juego\/","title":{"rendered":"Jorge Sampaoli: \u201cNo le encontramos la vuelta al juego\u201d"},"content":{"rendered":"<figure id=\"attachment_4877\" aria-describedby=\"caption-attachment-4877\" style=\"width: 700px\" class=\"wp-caption alignnone\"><img loading=\"lazy\" decoding=\"async\" class=\" size-full wp-image-4877\" src=\"http:\/\/www.rincondelbulla.cl\/portal\/wp-content\/uploads\/2012\/10\/7de95ce12f2200e0af6029c68ebeedfe.jpg\" alt=\"Foto: Claudio C\u00e1ceres\" class=\"caption\" title=\"Sampaoli  asegur\u00f3que el problema vital del Le\u00f3n est\u00e1 en la elaboraci\u00f3n de juego\" width=\"700\" height=\"396\" srcset=\"http:\/\/www.rincondelbulla.cl\/portal\/wp-content\/uploads\/2012\/10\/7de95ce12f2200e0af6029c68ebeedfe.jpg 700w, http:\/\/www.rincondelbulla.cl\/portal\/wp-content\/uploads\/2012\/10\/7de95ce12f2200e0af6029c68ebeedfe-300x170.jpg 300w, http:\/\/www.rincondelbulla.cl\/portal\/wp-content\/uploads\/2012\/10\/7de95ce12f2200e0af6029c68ebeedfe-696x394.jpg 696w\" sizes=\"auto, (max-width: 700px) 100vw, 700px\" \/><figcaption id=\"caption-attachment-4877\" class=\"wp-caption-text\">Sampaoli  asegur\u00f3que el problema vital del Le\u00f3n est\u00e1 en la elaboraci\u00f3n de juego<\/figcaption><\/figure>\n<p><strong>El argentino asegur\u00f3 tras&nbsp; el partido entre Azules y El\u00e9ctricos, que&nbsp; el problema vital del Le\u00f3n&nbsp; est\u00e1 en la elaboraci\u00f3n de juego. Sin embargo est\u00e1 seguro que insistiendo en su forma de trabajo el equipo tarde o temprano saldr\u00e1 de este lapsus. <!--more--> <\/strong>Hace rato que Jorge Sampaoli no encuentra la f\u00f3rmula para sacar a la Universidad de Chile de esta racha de siete&nbsp; partidos sin ganar en el terreno internacional. Luego del dos a dos entre los Azules y Emelec el rosarino se mostr\u00f3 afectado y critico del juego que mostr\u00f3 la U hoy en el Nacional.<\/p>\n<p>Para el argentino el problema radico en que no pudieron con la forma correcta de dar vuelta el partido. Esto se not\u00f3 en la elaboraci\u00f3n del juego<\/p>\n<p>{mp3}sampaoli_emelec1{\/mp3}<\/p>\n<p>Adem\u00e1s agreg\u00f3&nbsp; que el extraviar la forma de jugar&nbsp; gener\u00e9 una impaciencia que es anormal en sus dirigidos y que se not\u00f3 en el desarrollo del partido<\/p>\n<p>{mp3}sampaoli_emelec2{\/mp3}<\/p>\n<p>Las dificultades las tuvimos nosotros. La presentaci\u00f3n del equipo fue deficiente. No pudo generar mayores dificultades a los ecuatorianos. Si bien en el segundo tiempo mejoraron no fue suficiente &nbsp;<\/p>\n<p>{mp3}sampaoli_emelec3{\/mp3}<\/p>\n<p>Para pasar este mal momento el casildense cree que m\u00e1s all\u00e1 del rival hay que&nbsp; insistir en la forma de jugar que hizo a los laicos el mejor equipo de Sudam\u00e9rica<\/p>\n<p>{mp3}sampaoli_emelec4{\/mp3}<\/p>\n<p>Fiel a su estilo Sampaoli ya prepara el partido de este fin de semana frente Deportes Antofagasta, pero con la inquietud de c\u00f3mo mejorar este mal momento que vive el Le\u00f3n.<\/p>\n","protected":false},"excerpt":{"rendered":"<p>El argentino asegur\u00f3 tras&nbsp; el partido entre Azules y El\u00e9ctricos, que&nbsp; el problema vital del Le\u00f3n&nbsp; est\u00e1 en la elaboraci\u00f3n de juego. Sin embargo est\u00e1 seguro que insistiendo en su forma de trabajo el equipo tarde o temprano saldr\u00e1 de este lapsus.<\/p>\n","protected":false},"author":63,"featured_media":4877,"comment_status":"open","ping_status":"open","sticky":false,"template":"","format":"standard","meta":{"footnotes":""},"categories":[18],"tags":[454,123,40],"class_list":{"0":"post-3267","1":"post","2":"type-post","3":"status-publish","4":"format-standard","5":"has-post-thumbnail","7":"category-actualidad","8":"tag-actualidad","9":"tag-copa-sudamericana-2012","10":"tag-jorge-sampaoli"},"_links":{"self":[{"href":"http:\/\/www.rincondelbulla.cl\/portal\/wp-json\/wp\/v2\/posts\/3267","targetHints":{"allow":["GET"]}}],"collection":[{"href":"http:\/\/www.rincondelbulla.cl\/portal\/wp-json\/wp\/v2\/posts"}],"about":[{"href":"http:\/\/www.rincondelbulla.cl\/portal\/wp-json\/wp\/v2\/types\/post"}],"author":[{"embeddable":true,"href":"http:\/\/www.rincondelbulla.cl\/portal\/wp-json\/wp\/v2\/users\/63"}],"replies":[{"embeddable":true,"href":"http:\/\/www.rincondelbulla.cl\/portal\/wp-json\/wp\/v2\/comments?post=3267"}],"version-history":[{"count":0,"href":"http:\/\/www.rincondelbulla.cl\/portal\/wp-json\/wp\/v2\/posts\/3267\/revisions"}],"wp:featuredmedia":[{"embeddable":true,"href":"http:\/\/www.rincondelbulla.cl\/portal\/wp-json\/wp\/v2\/media\/4877"}],"wp:attachment":[{"href":"http:\/\/www.rincondelbulla.cl\/portal\/wp-json\/wp\/v2\/media?parent=3267"}],"wp:term":[{"taxonomy":"category","embeddable":true,"href":"http:\/\/www.rincondelbulla.cl\/portal\/wp-json\/wp\/v2\/categories?post=3267"},{"taxonomy":"post_tag","embeddable":true,"href":"http:\/\/www.rincondelbulla.cl\/portal\/wp-json\/wp\/v2\/tags?post=3267"}],"curies":[{"name":"wp","href":"https:\/\/api.w.org\/{rel}","templated":true}]}}